{"id":907554,"date":"2026-03-11T16:13:24","date_gmt":"2026-03-11T15:13:24","guid":{"rendered":"https:\/\/www.albinfo.ch\/?p=907554"},"modified":"2026-03-12T01:18:21","modified_gmt":"2026-03-12T00:18:21","slug":"valentina-fazlija-elue-pour-la-premiere-fois-a-lassemblee-de-la-ville-de-zurich","status":"publish","type":"post","link":"https:\/\/www.albinfo.ch\/fr\/valentina-fazlija-elue-pour-la-premiere-fois-a-lassemblee-de-la-ville-de-zurich\/","title":{"rendered":"Valentina Fazlija \u00e9lue pour la premi\u00e8re fois \u00e0 l\u2019Assembl\u00e9e de la ville de Zurich"},"content":{"rendered":"<p data-start=\"8\" data-end=\"189\"><span class=\"hover:entity-accent entity-underline inline cursor-pointer align-baseline\"><span class=\"whitespace-normal\">Valentina Fazlija<\/span><\/span>, du <span class=\"hover:entity-accent entity-underline inline cursor-pointer align-baseline\"><span class=\"whitespace-normal\">Parti lib\u00e9ral-radical<\/span><\/span>, a \u00e9t\u00e9 \u00e9lue pour la premi\u00e8re fois \u00e0 l\u2019Assembl\u00e9e de la ville de <span class=\"hover:entity-accent entity-underline inline cursor-pointer align-baseline\"><span class=\"whitespace-normal\">Zurich<\/span><\/span>.<\/p>\n<p data-start=\"191\" data-end=\"421\">Avec son \u00e9lection, la ville de Zurich compte d\u00e9sormais quatre membres de l\u2019Assembl\u00e9e ayant des racines albanaises, un indicateur important de la progression de la repr\u00e9sentation de la communaut\u00e9 albanaise dans la politique locale.<\/p>\n<p data-start=\"423\" data-end=\"723\">Outre Valentina Fazlija (FDP), trois autres politiciens d\u2019origine albanaise si\u00e8gent \u00e0 l\u2019Assembl\u00e9e de la ville de Zurich: <span class=\"hover:entity-accent entity-underline inline cursor-pointer align-baseline\"><span class=\"whitespace-normal\">P\u00ebrparim Avdili<\/span><\/span> (FDP), <span class=\"hover:entity-accent entity-underline inline cursor-pointer align-baseline\"><span class=\"whitespace-normal\">Reis Luzhnica<\/span><\/span> (<span class=\"hover:entity-accent entity-underline inline cursor-pointer align-baseline\"><span class=\"whitespace-normal\">Parti socialiste suisse<\/span><\/span> \/ SP) et <span class=\"hover:entity-accent entity-underline inline cursor-pointer align-baseline\"><span class=\"whitespace-normal\">Dafi Muharremi<\/span><\/span> (PS \/ SP).<\/p>\n<p data-start=\"725\" data-end=\"965\">L\u2019\u00e9lection de Fazlija est consid\u00e9r\u00e9e comme un nouveau succ\u00e8s pour la communaut\u00e9 albanaise en <span class=\"hover:entity-accent entity-underline inline cursor-pointer align-baseline\"><span class=\"whitespace-normal\">Suisse<\/span><\/span> et comme une preuve de l\u2019engagement croissant des Albanais dans la vie politique et institutionnelle du pays.<\/p>\n<p data-start=\"967\" data-end=\"1195\">La pr\u00e9sence de quatre politiciens ayant des racines albanaises \u00e0 l\u2019Assembl\u00e9e de la ville de Zurich t\u00e9moigne \u00e9galement de l\u2019int\u00e9gration et de la contribution de la diaspora albanaise \u00e0 la vie d\u00e9mocratique et sociale de la Suisse.<\/p>\n<p data-start=\"1197\" data-end=\"1208\">Lire aussi:<\/p>\n<blockquote class=\"wp-embedded-content\" data-secret=\"vGvUL4fIUJ\"><p><a href=\"https:\/\/www.albinfo.ch\/reis-luzhnica-nga-sp-behet-serish-deputeti-ne-parlamentin-e-cyrihut\/\">Reis Luzhnica nga SP b\u00ebhet s\u00ebrish deputet n\u00eb Parlamentin e Cyrihut<\/a><\/p><\/blockquote>\n<p><iframe loading=\"lazy\" class=\"wp-embedded-content\" sandbox=\"allow-scripts\" security=\"restricted\" style=\"position: absolute; visibility: hidden;\" title=\"&#8220;Reis Luzhnica nga SP b\u00ebhet s\u00ebrish deputet n\u00eb Parlamentin e Cyrihut&#8221; &#8212; Albinfo\" src=\"https:\/\/www.albinfo.ch\/reis-luzhnica-nga-sp-behet-serish-deputeti-ne-parlamentin-e-cyrihut\/embed\/#?secret=QOad3SAyxH#?secret=vGvUL4fIUJ\" data-secret=\"vGvUL4fIUJ\" width=\"587\" height=\"331\" frameborder=\"0\" marginwidth=\"0\" marginheight=\"0\" scrolling=\"no\"><\/iframe><\/p>\n<p>&nbsp;<\/p>\n","protected":false},"excerpt":{"rendered":"<p>Outre Valentina Fazlija (Parti lib\u00e9ral-radical), trois autres politiciens d\u2019origine albanaise si\u00e8gent \u00e9galement \u00e0 l\u2019Assembl\u00e9e de la ville de Zurich: P\u00ebrparim Avdili (FDP), Reis Luzhnica (Parti socialiste suisse \/ SP) et Dafi Muharremi (PS \/ SP).<\/p>\n","protected":false},"author":6,"featured_media":907362,"comment_status":"closed","ping_status":"closed","sticky":false,"template":"","format":"standard","meta":{"footnotes":""},"categories":[24637,1164,18826,1163,1170],"tags":[],"vendi":[],"content_country":[],"class_list":["post-907554","post","type-post","status-publish","format-standard","has-post-thumbnail","hentry","category-nouvelles-fr-4","category-integration-fr","category-lajme-jeta-ne-zvicer-fr","category-fr-e-diaspora","category-vivre-en-suisse"],"acf":[],"_links":{"self":[{"href":"https:\/\/www.albinfo.ch\/fr\/wp-json\/wp\/v2\/posts\/907554","targetHints":{"allow":["GET"]}}],"collection":[{"href":"https:\/\/www.albinfo.ch\/fr\/wp-json\/wp\/v2\/posts"}],"about":[{"href":"https:\/\/www.albinfo.ch\/fr\/wp-json\/wp\/v2\/types\/post"}],"author":[{"embeddable":true,"href":"https:\/\/www.albinfo.ch\/fr\/wp-json\/wp\/v2\/users\/6"}],"replies":[{"embeddable":true,"href":"https:\/\/www.albinfo.ch\/fr\/wp-json\/wp\/v2\/comments?post=907554"}],"version-history":[{"count":1,"href":"https:\/\/www.albinfo.ch\/fr\/wp-json\/wp\/v2\/posts\/907554\/revisions"}],"predecessor-version":[{"id":907555,"href":"https:\/\/www.albinfo.ch\/fr\/wp-json\/wp\/v2\/posts\/907554\/revisions\/907555"}],"wp:featuredmedia":[{"embeddable":true,"href":"https:\/\/www.albinfo.ch\/fr\/wp-json\/wp\/v2\/media\/907362"}],"wp:attachment":[{"href":"https:\/\/www.albinfo.ch\/fr\/wp-json\/wp\/v2\/media?parent=907554"}],"wp:term":[{"taxonomy":"category","embeddable":true,"href":"https:\/\/www.albinfo.ch\/fr\/wp-json\/wp\/v2\/categories?post=907554"},{"taxonomy":"post_tag","embeddable":true,"href":"https:\/\/www.albinfo.ch\/fr\/wp-json\/wp\/v2\/tags?post=907554"},{"taxonomy":"vendi","embeddable":true,"href":"https:\/\/www.albinfo.ch\/fr\/wp-json\/wp\/v2\/vendi?post=907554"},{"taxonomy":"content_country","embeddable":true,"href":"https:\/\/www.albinfo.ch\/fr\/wp-json\/wp\/v2\/content_country?post=907554"}],"curies":[{"name":"wp","href":"https:\/\/api.w.org\/{rel}","templated":true}]}}