{"id":907658,"date":"2026-03-12T11:15:57","date_gmt":"2026-03-12T10:15:57","guid":{"rendered":"https:\/\/www.albinfo.ch\/?p=907658"},"modified":"2026-03-12T17:07:02","modified_gmt":"2026-03-12T16:07:02","slug":"ganimet-shala-la-seule-albanaise-candidate-au-poste-de-deputee-en-slovenie","status":"publish","type":"post","link":"https:\/\/www.albinfo.ch\/fr\/ganimet-shala-la-seule-albanaise-candidate-au-poste-de-deputee-en-slovenie\/","title":{"rendered":"Ganimet Shala, la seule Albanaise candidate au poste de d\u00e9put\u00e9e en Slov\u00e9nie"},"content":{"rendered":"<p data-start=\"8\" data-end=\"202\">Ganimet Shala, la seule candidate albanaise aux \u00e9lections qui se tiendront le 22 mars 2026, a annonc\u00e9 sa candidature pour devenir d\u00e9put\u00e9e \u00e0 l\u2019Assembl\u00e9e nationale de Slov\u00e9nie, \u00e9crit albinfo.ch.<\/p>\n<p data-start=\"204\" data-end=\"377\">&#8221; Je suis la seule Albanaise candidate en Slov\u00e9nie et je me pr\u00e9sente dans l\u2019une des circonscriptions de Ljubljana &#8220;, a d\u00e9clar\u00e9 Ganimet Shala pour la plateforme Albinfo.ch.<\/p>\n<p>&nbsp;<\/p>\n<p><img loading=\"lazy\" decoding=\"async\" class=\"alignnone wp-image-907496\" src=\"https:\/\/www.albinfo.ch\/wp-content\/uploads\/2026\/03\/img_7848-586x1024.jpeg\" alt=\"\" width=\"500\" height=\"874\" srcset=\"https:\/\/www.albinfo.ch\/wp-content\/uploads\/2026\/03\/img_7848-586x1024.jpeg 586w, https:\/\/www.albinfo.ch\/wp-content\/uploads\/2026\/03\/img_7848-172x300.jpeg 172w, https:\/\/www.albinfo.ch\/wp-content\/uploads\/2026\/03\/img_7848-768x1342.jpeg 768w, https:\/\/www.albinfo.ch\/wp-content\/uploads\/2026\/03\/img_7848-879x1536.jpeg 879w, https:\/\/www.albinfo.ch\/wp-content\/uploads\/2026\/03\/img_7848-227x396.jpeg 227w, https:\/\/www.albinfo.ch\/wp-content\/uploads\/2026\/03\/img_7848-57x100.jpeg 57w, https:\/\/www.albinfo.ch\/wp-content\/uploads\/2026\/03\/img_7848-100x175.jpeg 100w, https:\/\/www.albinfo.ch\/wp-content\/uploads\/2026\/03\/img_7848.jpeg 1172w\" sizes=\"auto, (max-width: 500px) 100vw, 500px\" \/><\/p>\n<p>&nbsp;<\/p>\n<p class=\"p1\">Dans un message adress\u00e9 aux citoyens, elle souligne que sa d\u00e9cision de s\u2019engager en politique vient de son exp\u00e9rience de la vie quotidienne et des discussions avec des personnes confront\u00e9es \u00e0 diff\u00e9rentes difficult\u00e9s sociales et \u00e9conomiques.<\/p>\n<p>&nbsp;<\/p>\n<p><img loading=\"lazy\" decoding=\"async\" class=\"alignnone wp-image-907499\" src=\"https:\/\/www.albinfo.ch\/wp-content\/uploads\/2026\/03\/img_7850-1024x1024.jpeg\" alt=\"\" width=\"500\" height=\"500\" srcset=\"https:\/\/www.albinfo.ch\/wp-content\/uploads\/2026\/03\/img_7850-1024x1024.jpeg 1024w, https:\/\/www.albinfo.ch\/wp-content\/uploads\/2026\/03\/img_7850-300x300.jpeg 300w, https:\/\/www.albinfo.ch\/wp-content\/uploads\/2026\/03\/img_7850-150x150.jpeg 150w, https:\/\/www.albinfo.ch\/wp-content\/uploads\/2026\/03\/img_7850-768x768.jpeg 768w, https:\/\/www.albinfo.ch\/wp-content\/uploads\/2026\/03\/img_7850-1536x1536.jpeg 1536w, https:\/\/www.albinfo.ch\/wp-content\/uploads\/2026\/03\/img_7850-396x396.jpeg 396w, https:\/\/www.albinfo.ch\/wp-content\/uploads\/2026\/03\/img_7850-280x280.jpeg 280w, https:\/\/www.albinfo.ch\/wp-content\/uploads\/2026\/03\/img_7850-100x100.jpeg 100w, https:\/\/www.albinfo.ch\/wp-content\/uploads\/2026\/03\/img_7850-175x175.jpeg 175w, https:\/\/www.albinfo.ch\/wp-content\/uploads\/2026\/03\/img_7850.jpeg 2048w\" sizes=\"auto, (max-width: 500px) 100vw, 500px\" \/><\/p>\n<p>&nbsp;<\/p>\n<p class=\"p1\">&#8221; Je ne promets pas des solutions faciles. Je promets l\u2019honn\u00eatet\u00e9, le courage, le travail et une voix qui parlera clairement, avec d\u00e9termination et en faveur du peuple au Parlement. Je suis l\u2019une de vous. Je connais la vie en dehors des cercles politiques &#8220;, a-t-elle d\u00e9clar\u00e9.<\/p>\n<p>&nbsp;<\/p>\n<p><img loading=\"lazy\" decoding=\"async\" class=\"alignnone wp-image-907502\" src=\"https:\/\/www.albinfo.ch\/wp-content\/uploads\/2026\/03\/img_7849-702x1024.jpeg\" alt=\"\" width=\"500\" height=\"729\" srcset=\"https:\/\/www.albinfo.ch\/wp-content\/uploads\/2026\/03\/img_7849-702x1024.jpeg 702w, https:\/\/www.albinfo.ch\/wp-content\/uploads\/2026\/03\/img_7849-206x300.jpeg 206w, https:\/\/www.albinfo.ch\/wp-content\/uploads\/2026\/03\/img_7849-768x1120.jpeg 768w, https:\/\/www.albinfo.ch\/wp-content\/uploads\/2026\/03\/img_7849-1053x1536.jpeg 1053w, https:\/\/www.albinfo.ch\/wp-content\/uploads\/2026\/03\/img_7849-272x396.jpeg 272w, https:\/\/www.albinfo.ch\/wp-content\/uploads\/2026\/03\/img_7849-69x100.jpeg 69w, https:\/\/www.albinfo.ch\/wp-content\/uploads\/2026\/03\/img_7849-120x175.jpeg 120w, https:\/\/www.albinfo.ch\/wp-content\/uploads\/2026\/03\/img_7849.jpeg 1080w\" sizes=\"auto, (max-width: 500px) 100vw, 500px\" \/><\/p>\n<p>&nbsp;<\/p>\n<p data-start=\"8\" data-end=\"261\">Shala souligne que sa candidature n\u2019est pas motiv\u00e9e par la politique comme une fin en soi, mais par le d\u00e9sir de repr\u00e9senter les citoyens et de r\u00e9pondre aux pr\u00e9occupations li\u00e9es \u00e0 l\u2019avenir des jeunes, \u00e0 la s\u00e9curit\u00e9 sociale et au bien-\u00eatre des familles.<\/p>\n<p data-start=\"263\" data-end=\"493\">&#8221; Je n\u2019entre pas en politique avec de belles paroles, mais avec un engagement clair: travailler, pers\u00e9v\u00e9rer et obtenir des r\u00e9sultats concrets &#8220;, affirme-t-elle, en invitant les citoyens \u00e0 la soutenir dans ce parcours politique.<\/p>\n<p data-start=\"495\" data-end=\"720\">Dans son message public, la candidate de Ljubljana appelle \u00e0 moins de promesses et \u00e0 plus d\u2019actions concr\u00e8tes, en soulignant que le changement ne peut \u00eatre atteint que par la coop\u00e9ration et l\u2019engagement commun des citoyens.<\/p>\n<p data-start=\"722\" data-end=\"819\">&#8221; Pour les gens. Pour l\u2019avenir. Pour nous tous! &#8220;, conclut Ganimet Shala, rapporte Albinfo.ch.<\/p>\n<blockquote class=\"wp-embedded-content\" data-secret=\"gCq81WSqgL\"><p><a href=\"https:\/\/www.albinfo.ch\/ganimet-shala-asambleistja-e-pare-shqiptare-ne-parlamentin-e-ljubljanes\/\">Ganimet Shala, asambleistja e par\u00eb shqiptare n\u00eb Parlamentin e Lubjan\u00ebs<\/a><\/p><\/blockquote>\n<p><iframe loading=\"lazy\" class=\"wp-embedded-content\" sandbox=\"allow-scripts\" security=\"restricted\" style=\"position: absolute; visibility: hidden;\" title=\"&#8220;Ganimet Shala, asambleistja e par\u00eb shqiptare n\u00eb Parlamentin e Lubjan\u00ebs&#8221; &#8212; Albinfo\" src=\"https:\/\/www.albinfo.ch\/ganimet-shala-asambleistja-e-pare-shqiptare-ne-parlamentin-e-ljubljanes\/embed\/#?secret=NFlgHJx0iH#?secret=gCq81WSqgL\" data-secret=\"gCq81WSqgL\" width=\"587\" height=\"331\" frameborder=\"0\" marginwidth=\"0\" marginheight=\"0\" scrolling=\"no\"><\/iframe><\/p>\n","protected":false},"excerpt":{"rendered":"<p>L\u2019Albanaise de Ljubljana vise un si\u00e8ge au Parlement slov\u00e8ne, en promettant honn\u00eatet\u00e9, courage et engagement envers les citoyens<\/p>\n","protected":false},"author":6,"featured_media":907494,"comment_status":"closed","ping_status":"closed","sticky":false,"template":"","format":"standard","meta":{"footnotes":""},"categories":[24637,1164,1165,24630,1163],"tags":[],"vendi":[],"content_country":[],"class_list":["post-907658","post","type-post","status-publish","format-standard","has-post-thumbnail","hentry","category-nouvelles-fr-4","category-integration-fr","category-femmes","category-nouvelles","category-fr-e-diaspora"],"acf":[],"_links":{"self":[{"href":"https:\/\/www.albinfo.ch\/fr\/wp-json\/wp\/v2\/posts\/907658","targetHints":{"allow":["GET"]}}],"collection":[{"href":"https:\/\/www.albinfo.ch\/fr\/wp-json\/wp\/v2\/posts"}],"about":[{"href":"https:\/\/www.albinfo.ch\/fr\/wp-json\/wp\/v2\/types\/post"}],"author":[{"embeddable":true,"href":"https:\/\/www.albinfo.ch\/fr\/wp-json\/wp\/v2\/users\/6"}],"replies":[{"embeddable":true,"href":"https:\/\/www.albinfo.ch\/fr\/wp-json\/wp\/v2\/comments?post=907658"}],"version-history":[{"count":1,"href":"https:\/\/www.albinfo.ch\/fr\/wp-json\/wp\/v2\/posts\/907658\/revisions"}],"predecessor-version":[{"id":907659,"href":"https:\/\/www.albinfo.ch\/fr\/wp-json\/wp\/v2\/posts\/907658\/revisions\/907659"}],"wp:featuredmedia":[{"embeddable":true,"href":"https:\/\/www.albinfo.ch\/fr\/wp-json\/wp\/v2\/media\/907494"}],"wp:attachment":[{"href":"https:\/\/www.albinfo.ch\/fr\/wp-json\/wp\/v2\/media?parent=907658"}],"wp:term":[{"taxonomy":"category","embeddable":true,"href":"https:\/\/www.albinfo.ch\/fr\/wp-json\/wp\/v2\/categories?post=907658"},{"taxonomy":"post_tag","embeddable":true,"href":"https:\/\/www.albinfo.ch\/fr\/wp-json\/wp\/v2\/tags?post=907658"},{"taxonomy":"vendi","embeddable":true,"href":"https:\/\/www.albinfo.ch\/fr\/wp-json\/wp\/v2\/vendi?post=907658"},{"taxonomy":"content_country","embeddable":true,"href":"https:\/\/www.albinfo.ch\/fr\/wp-json\/wp\/v2\/content_country?post=907658"}],"curies":[{"name":"wp","href":"https:\/\/api.w.org\/{rel}","templated":true}]}}