{"id":907724,"date":"2026-03-12T14:18:27","date_gmt":"2026-03-12T13:18:27","guid":{"rendered":"https:\/\/www.albinfo.ch\/?p=907724"},"modified":"2026-03-12T22:55:57","modified_gmt":"2026-03-12T21:55:57","slug":"vienne-debut-des-inscriptions-des-eleves-pour-les-cours-complementaires-en-langue-albanaise-pour-lannee-scolaire-2026-2027","status":"publish","type":"post","link":"https:\/\/www.albinfo.ch\/fr\/vienne-debut-des-inscriptions-des-eleves-pour-les-cours-complementaires-en-langue-albanaise-pour-lannee-scolaire-2026-2027\/","title":{"rendered":"Vienne: D\u00e9but des inscriptions des \u00e9l\u00e8ves pour les cours compl\u00e9mentaires en langue albanaise pour l\u2019ann\u00e9e scolaire 2026\/2027"},"content":{"rendered":"<p data-start=\"8\" data-end=\"214\">Les parents albanais vivant \u00e0 Vienne peuvent inscrire leurs enfants aux cours compl\u00e9mentaires en langue albanaise dans les \u00e9coles publiques autrichiennes pour l\u2019ann\u00e9e scolaire 2026\/2027, \u00e9crit albinfo.at.<\/p>\n<p data-start=\"216\" data-end=\"501\">Ce programme se d\u00e9roule dans le cadre de l\u2019enseignement de la langue maternelle (Erstsprachenunterricht) dans le syst\u00e8me \u00e9ducatif autrichien et vise \u00e0 permettre aux enfants albanais de pr\u00e9server et de d\u00e9velopper la langue albanaise parall\u00e8lement \u00e0 leur scolarit\u00e9 en langue allemande.<\/p>\n<p data-start=\"503\" data-end=\"576\">La date limite d\u2019inscription pour les \u00e9l\u00e8ves est fix\u00e9e au 31 mars 2026.<\/p>\n<p data-start=\"578\" data-end=\"626\">Que gagnent les enfants gr\u00e2ce \u00e0 ce programme?<\/p>\n<p data-start=\"628\" data-end=\"696\">Gr\u00e2ce \u00e0 ce programme \u00e9ducatif, les enfants ont la possibilit\u00e9 de:<\/p>\n<p data-start=\"698\" data-end=\"930\">\u2022 apprendre et am\u00e9liorer la langue albanaise \u00e0 l\u2019oral et \u00e0 l\u2019\u00e9crit<br data-start=\"764\" data-end=\"767\" \/>\u2022 mieux conna\u00eetre la culture et les traditions albanaises<br data-start=\"824\" data-end=\"827\" \/>\u2022 d\u00e9velopper des comp\u00e9tences linguistiques qui les aident aussi dans l\u2019apprentissage d\u2019autres langues<\/p>\n<p data-start=\"932\" data-end=\"965\">Comment se fait l\u2019inscription?<\/p>\n<p data-start=\"967\" data-end=\"1018\">Les parents doivent suivre les \u00e9tapes suivantes:<\/p>\n<p data-start=\"1020\" data-end=\"1321\">\u2022 t\u00e9l\u00e9charger le formulaire d\u2019inscription (en albanais et en allemand)<br data-start=\"1090\" data-end=\"1093\" \/>\u2022 remplir les donn\u00e9es demand\u00e9es<br data-start=\"1124\" data-end=\"1127\" \/>\u2022 remettre le formulaire \u00e0 l\u2019\u00e9cole o\u00f9 l\u2019enfant \u00e9tudie pour signature et cachet<br data-start=\"1205\" data-end=\"1208\" \/>\u2022 contacter l\u2019enseignant de langue albanaise pour des informations suppl\u00e9mentaires sur l\u2019organisation des cours<\/p>\n<p data-start=\"1323\" data-end=\"1385\">Le formulaire d\u2019inscription peut \u00eatre t\u00e9l\u00e9charg\u00e9 \u00e0 ce lien:<\/p>\n<p data-start=\"1387\" data-end=\"1511\"><a class=\"decorated-link\" href=\"https:\/\/www.sfz-wien.at\/images\/sfz_img\/download\/mu\/anmeldeformular-mu\/Albanisch_Anmeldeformular_Erstsprachenunterricht.pdf\" target=\"_new\" rel=\"noopener\" data-start=\"1387\" data-end=\"1509\">https:\/\/www.sfz-wien.at\/images\/sfz_img\/download\/mu\/anmeldeformular-mu\/Albanisch_Anmeldeformular_Erstsprachenunterricht.pdf<\/a><\/p>\n<p data-start=\"1513\" data-end=\"1543\">Informations suppl\u00e9mentaires<\/p>\n<p data-start=\"1545\" data-end=\"1713\">Pour plus d\u2019informations concernant l\u2019organisation des cours et les \u00e9coles o\u00f9 l\u2019enseignement en langue albanaise est propos\u00e9 \u00e0 Vienne, les parents peuvent contacter:<\/p>\n<p data-start=\"1715\" data-end=\"1891\">\u2022 Association des enseignants albanais &#8220;Naim Frash\u00ebri&#8221; &#8211; <a class=\"decorated-link cursor-pointer\" rel=\"noopener\" data-start=\"1772\" data-end=\"1798\">shmsh-naim.frasheri@gmx.at<\/a><br data-start=\"1798\" data-end=\"1801\" \/>\u2022 Osman Ademi &#8211; <a class=\"decorated-link cursor-pointer\" rel=\"noopener\" data-start=\"1817\" data-end=\"1837\">osmani42@hotmail.com<\/a><br data-start=\"1837\" data-end=\"1840\" \/>\u2022 Miradije Berishaj &#8211; <a class=\"decorated-link cursor-pointer\" rel=\"noopener\" data-start=\"1862\" data-end=\"1889\">miradijeberisha@hotmail.com<\/a><\/p>\n<p data-start=\"1893\" data-end=\"2102\">Les organisateurs remercient les parents pour leur coop\u00e9ration et leur soutien dans la pr\u00e9servation et le d\u00e9veloppement de la langue albanaise chez les jeunes g\u00e9n\u00e9rations de la diaspora, rapporte Albinfo.at.<\/p>\n","protected":false},"excerpt":{"rendered":"<p>Le d\u00e9lai de candidature pour les parents albanais dans les \u00e9coles publiques autrichiennes est ouvert jusqu\u2019au 31 mars 2026<\/p>\n","protected":false},"author":6,"featured_media":907571,"comment_status":"closed","ping_status":"closed","sticky":false,"template":"","format":"standard","meta":{"footnotes":""},"categories":[34913,24637,1166,24630,24633,1163],"tags":[],"vendi":[],"content_country":[],"class_list":["post-907724","post","type-post","status-publish","format-standard","has-post-thumbnail","hentry","category-la-vie-en-autriche","category-nouvelles-fr-4","category-langues","category-nouvelles","category-nouvelles-fr-2","category-fr-e-diaspora"],"acf":[],"_links":{"self":[{"href":"https:\/\/www.albinfo.ch\/fr\/wp-json\/wp\/v2\/posts\/907724","targetHints":{"allow":["GET"]}}],"collection":[{"href":"https:\/\/www.albinfo.ch\/fr\/wp-json\/wp\/v2\/posts"}],"about":[{"href":"https:\/\/www.albinfo.ch\/fr\/wp-json\/wp\/v2\/types\/post"}],"author":[{"embeddable":true,"href":"https:\/\/www.albinfo.ch\/fr\/wp-json\/wp\/v2\/users\/6"}],"replies":[{"embeddable":true,"href":"https:\/\/www.albinfo.ch\/fr\/wp-json\/wp\/v2\/comments?post=907724"}],"version-history":[{"count":2,"href":"https:\/\/www.albinfo.ch\/fr\/wp-json\/wp\/v2\/posts\/907724\/revisions"}],"predecessor-version":[{"id":907726,"href":"https:\/\/www.albinfo.ch\/fr\/wp-json\/wp\/v2\/posts\/907724\/revisions\/907726"}],"wp:featuredmedia":[{"embeddable":true,"href":"https:\/\/www.albinfo.ch\/fr\/wp-json\/wp\/v2\/media\/907571"}],"wp:attachment":[{"href":"https:\/\/www.albinfo.ch\/fr\/wp-json\/wp\/v2\/media?parent=907724"}],"wp:term":[{"taxonomy":"category","embeddable":true,"href":"https:\/\/www.albinfo.ch\/fr\/wp-json\/wp\/v2\/categories?post=907724"},{"taxonomy":"post_tag","embeddable":true,"href":"https:\/\/www.albinfo.ch\/fr\/wp-json\/wp\/v2\/tags?post=907724"},{"taxonomy":"vendi","embeddable":true,"href":"https:\/\/www.albinfo.ch\/fr\/wp-json\/wp\/v2\/vendi?post=907724"},{"taxonomy":"content_country","embeddable":true,"href":"https:\/\/www.albinfo.ch\/fr\/wp-json\/wp\/v2\/content_country?post=907724"}],"curies":[{"name":"wp","href":"https:\/\/api.w.org\/{rel}","templated":true}]}}