{"id":907733,"date":"2026-03-12T15:03:32","date_gmt":"2026-03-12T14:03:32","guid":{"rendered":"https:\/\/www.albinfo.ch\/?p=907733"},"modified":"2026-03-12T23:11:06","modified_gmt":"2026-03-12T22:11:06","slug":"le-kosovo-lalbanie-et-la-grande-bretagne-sunissent-pour-leconomie-creative","status":"publish","type":"post","link":"https:\/\/www.albinfo.ch\/fr\/le-kosovo-lalbanie-et-la-grande-bretagne-sunissent-pour-leconomie-creative\/","title":{"rendered":"Le Kosovo, l\u2019Albanie et la Grande-Bretagne s\u2019unissent pour l\u2019\u00e9conomie cr\u00e9ative"},"content":{"rendered":"<p data-start=\"8\" data-end=\"436\">L\u2019Institut pour l\u2019\u00c9conomie de March\u00e9 Libre (IETL), en collaboration avec le British Council, a organis\u00e9 \u00e0 Pristina l\u2019\u00e9v\u00e9nement de cl\u00f4ture du projet r\u00e9gional &#8220;Bridging Creatives: Partenariat Kosovo &#8211; Albanie &#8211; Royaume &#8211; Uni pour la croissance cr\u00e9ative&#8221;, mettant en avant l\u2019importance de la coop\u00e9ration internationale pour le d\u00e9veloppement de l\u2019\u00e9conomie cr\u00e9ative et le renforcement des jeunes dans ce secteur, rapporte albinfo.ch.<\/p>\n<p data-start=\"438\" data-end=\"691\">Besa Zogaj Gashi, de l\u2019Institut pour l\u2019\u00c9conomie de March\u00e9 Libre, a d\u00e9clar\u00e9 que le secteur cr\u00e9atif dans le monde entier est l\u2019un des moteurs les plus dynamiques de la croissance \u00e9conomique, de l\u2019innovation ainsi que du d\u00e9veloppement social et culturel.<\/p>\n<p data-start=\"693\" data-end=\"1121\">&#8221; L\u2019initiative Bridging Creatives a \u00e9t\u00e9 tr\u00e8s importante et nous l\u2019avons vue comme une opportunit\u00e9 \u00e0 saisir. En tant qu\u2019institut travaillant sur les politiques publiques, nous avons soutenu ces derni\u00e8res ann\u00e9es la municipalit\u00e9 de Pristina dans l\u2019\u00e9laboration de la strat\u00e9gie pour l\u2019art et la culture. Nous avons \u00e9galement contribu\u00e9 en partie \u00e0 la strat\u00e9gie du gouvernement du Kosovo pour l\u2019industrie cr\u00e9ative &#8220;, a-t-elle ajout\u00e9.<\/p>\n<p data-start=\"1123\" data-end=\"1385\">Zogaj Gashi a soulign\u00e9 que les \u00e9tudiants ne re\u00e7oivent souvent pas de connaissances pratiques pour la pr\u00e9sentation professionnelle et le d\u00e9veloppement des comp\u00e9tences en affaires. Elle a indiqu\u00e9 que l\u2019int\u00e9r\u00eat pour le programme a \u00e9t\u00e9 \u00e9lev\u00e9 d\u00e8s la premi\u00e8re phase.<\/p>\n<p data-start=\"1387\" data-end=\"1808\">&#8221; Les \u00e9tudiants n\u2019apprennent pas toujours comment mieux se pr\u00e9senter, comment r\u00e9diger un CV, d\u00e9velopper des comp\u00e9tences en leadership, en gestion de projets et en planification d\u2019entreprise, des connaissances essentielles pour r\u00e9ussir et renforcer le secteur cr\u00e9atif. Sur 123 candidats, 88 sont des femmes et 35 des hommes, ce qui montre l\u2019importance de l\u2019\u00e9galit\u00e9 de genre dans l\u2019industrie cr\u00e9ative &#8220;, a-t-elle d\u00e9clar\u00e9.<\/p>\n<p data-start=\"1810\" data-end=\"1975\">Le maire de Pristina, P\u00ebrparim Rama, a affirm\u00e9 que le projet a cr\u00e9\u00e9 des liens importants entre les communaut\u00e9s cr\u00e9atives du Kosovo, de l\u2019Albanie et du Royaume-Uni.<\/p>\n<p data-start=\"1977\" data-end=\"2190\">&#8221; Pristina est une ville jeune, dynamique et cr\u00e9ative. En tant que municipalit\u00e9, nous sommes engag\u00e9s \u00e0 soutenir la culture, la coop\u00e9ration internationale et le d\u00e9veloppement de l\u2019\u00e9conomie cr\u00e9ative &#8220;, a-t-il dit.<\/p>\n<p data-start=\"2192\" data-end=\"2489\">La directrice du British Council pour les Balkans occidentaux, Clare Sears, a soulign\u00e9 le soutien continu au d\u00e9veloppement de l\u2019\u00e9conomie cr\u00e9ative dans la r\u00e9gion, en mentionnant des projets allant du gaming, de la mode, de la production cin\u00e9matographique et de l\u2019animation jusqu\u2019aux arts visuels.<\/p>\n<p data-start=\"2491\" data-end=\"2744\">&#8221; Ce projet est extr\u00eamement pratique, ax\u00e9 sur les comp\u00e9tences r\u00e9elles et moins sur la th\u00e9orie. Des partenariats r\u00e9gionaux solides font de cette initiative un excellent exemple pour le d\u00e9veloppement du secteur cr\u00e9atif dans la r\u00e9gion &#8220;, a-t-elle ajout\u00e9.<\/p>\n","protected":false},"excerpt":{"rendered":"<p>Le projet r\u00e9gional pour l\u2019\u00e9conomie cr\u00e9ative relie le Kosovo, l\u2019Albanie et le Royaume-Uni<\/p>\n","protected":false},"author":6,"featured_media":907599,"comment_status":"closed","ping_status":"closed","sticky":false,"template":"","format":"standard","meta":{"footnotes":""},"categories":[23271,23272,3949,23277,23270,1159],"tags":[],"vendi":[],"content_country":[],"class_list":["post-907733","post","type-post","status-publish","format-standard","has-post-thumbnail","hentry","category-kosovo","category-albanie","category-kosova-fr","category-news-fr","category-at-balkani-fr","category-ch-balkans"],"acf":[],"_links":{"self":[{"href":"https:\/\/www.albinfo.ch\/fr\/wp-json\/wp\/v2\/posts\/907733","targetHints":{"allow":["GET"]}}],"collection":[{"href":"https:\/\/www.albinfo.ch\/fr\/wp-json\/wp\/v2\/posts"}],"about":[{"href":"https:\/\/www.albinfo.ch\/fr\/wp-json\/wp\/v2\/types\/post"}],"author":[{"embeddable":true,"href":"https:\/\/www.albinfo.ch\/fr\/wp-json\/wp\/v2\/users\/6"}],"replies":[{"embeddable":true,"href":"https:\/\/www.albinfo.ch\/fr\/wp-json\/wp\/v2\/comments?post=907733"}],"version-history":[{"count":1,"href":"https:\/\/www.albinfo.ch\/fr\/wp-json\/wp\/v2\/posts\/907733\/revisions"}],"predecessor-version":[{"id":907734,"href":"https:\/\/www.albinfo.ch\/fr\/wp-json\/wp\/v2\/posts\/907733\/revisions\/907734"}],"wp:featuredmedia":[{"embeddable":true,"href":"https:\/\/www.albinfo.ch\/fr\/wp-json\/wp\/v2\/media\/907599"}],"wp:attachment":[{"href":"https:\/\/www.albinfo.ch\/fr\/wp-json\/wp\/v2\/media?parent=907733"}],"wp:term":[{"taxonomy":"category","embeddable":true,"href":"https:\/\/www.albinfo.ch\/fr\/wp-json\/wp\/v2\/categories?post=907733"},{"taxonomy":"post_tag","embeddable":true,"href":"https:\/\/www.albinfo.ch\/fr\/wp-json\/wp\/v2\/tags?post=907733"},{"taxonomy":"vendi","embeddable":true,"href":"https:\/\/www.albinfo.ch\/fr\/wp-json\/wp\/v2\/vendi?post=907733"},{"taxonomy":"content_country","embeddable":true,"href":"https:\/\/www.albinfo.ch\/fr\/wp-json\/wp\/v2\/content_country?post=907733"}],"curies":[{"name":"wp","href":"https:\/\/api.w.org\/{rel}","templated":true}]}}