{"id":907741,"date":"2026-03-12T16:23:21","date_gmt":"2026-03-12T15:23:21","guid":{"rendered":"https:\/\/www.albinfo.ch\/?p=907741"},"modified":"2026-03-13T00:30:36","modified_gmt":"2026-03-12T23:30:36","slug":"naim-dina-est-elu-pour-la-deuxieme-fois-membre-de-lassemblee-a-renens","status":"publish","type":"post","link":"https:\/\/www.albinfo.ch\/fr\/naim-dina-est-elu-pour-la-deuxieme-fois-membre-de-lassemblee-a-renens\/","title":{"rendered":"Naim Dina est \u00e9lu pour la deuxi\u00e8me fois membre de l\u2019assembl\u00e9e \u00e0 Renens"},"content":{"rendered":"<p data-start=\"8\" data-end=\"239\">Un autre succ\u00e8s pour la repr\u00e9sentation de la communaut\u00e9 albanaise en Suisse vient du canton de Vaud. Naim Dina, originaire de Rahovec, a \u00e9t\u00e9 \u00e9lu pour la deuxi\u00e8me fois comme membre de l\u2019assembl\u00e9e communale dans la ville de Renens.<\/p>\n<p data-start=\"241\" data-end=\"507\">Apr\u00e8s la publication des r\u00e9sultats \u00e9lectoraux, Dina a exprim\u00e9 sa gratitude pour la confiance des citoyens, soulignant que ce deuxi\u00e8me mandat repr\u00e9sente une responsabilit\u00e9 encore plus grande pour poursuivre son engagement au service de la ville et de la communaut\u00e9.<\/p>\n<p data-start=\"509\" data-end=\"731\">&#8221; Ce deuxi\u00e8me mandat est un honneur et une grande responsabilit\u00e9. Je remercie tous les citoyens qui m\u2019ont accord\u00e9 leur confiance et m\u2019ont donn\u00e9 la possibilit\u00e9 de continuer \u00e0 travailler pour notre ville &#8220;, a-t-il d\u00e9clar\u00e9.<\/p>\n<p data-start=\"733\" data-end=\"996\">Il a \u00e9galement remerci\u00e9 ses soutiens et les citoyens qui ont vot\u00e9 pour lui, en soulignant qu\u2019il continuera \u00e0 travailler avec engagement, honn\u00eatet\u00e9 et transparence afin de repr\u00e9senter au mieux les int\u00e9r\u00eats des citoyens au sein de l\u2019assembl\u00e9e communale de Renens.<\/p>\n<p data-start=\"998\" data-end=\"1196\">Sa r\u00e9\u00e9lection pour un second mandat est consid\u00e9r\u00e9e comme une preuve de la confiance que les citoyens accordent \u00e0 son travail et \u00e0 son engagement dans la vie publique et institutionnelle en Suisse.<\/p>\n<p data-start=\"1198\" data-end=\"1449\">Pour la communaut\u00e9 albanaise en Suisse, la pr\u00e9sence et l\u2019engagement de repr\u00e9sentants d\u2019origine albanaise dans les institutions locales constituent un indicateur important d\u2019int\u00e9gration et de contribution active \u00e0 la vie politique et sociale du pays.<\/p>\n","protected":false},"excerpt":{"rendered":"<p>Il souligne que ce deuxi\u00e8me mandat repr\u00e9sente une responsabilit\u00e9 encore plus grande pour poursuivre le travail au service de la ville et de la communaut\u00e9.<\/p>\n","protected":false},"author":6,"featured_media":907589,"comment_status":"closed","ping_status":"closed","sticky":false,"template":"","format":"standard","meta":{"footnotes":""},"categories":[24637,1164,18826,1163,1170],"tags":[],"vendi":[],"content_country":[],"class_list":["post-907741","post","type-post","status-publish","format-standard","has-post-thumbnail","hentry","category-nouvelles-fr-4","category-integration-fr","category-lajme-jeta-ne-zvicer-fr","category-fr-e-diaspora","category-vivre-en-suisse"],"acf":[],"_links":{"self":[{"href":"https:\/\/www.albinfo.ch\/fr\/wp-json\/wp\/v2\/posts\/907741","targetHints":{"allow":["GET"]}}],"collection":[{"href":"https:\/\/www.albinfo.ch\/fr\/wp-json\/wp\/v2\/posts"}],"about":[{"href":"https:\/\/www.albinfo.ch\/fr\/wp-json\/wp\/v2\/types\/post"}],"author":[{"embeddable":true,"href":"https:\/\/www.albinfo.ch\/fr\/wp-json\/wp\/v2\/users\/6"}],"replies":[{"embeddable":true,"href":"https:\/\/www.albinfo.ch\/fr\/wp-json\/wp\/v2\/comments?post=907741"}],"version-history":[{"count":1,"href":"https:\/\/www.albinfo.ch\/fr\/wp-json\/wp\/v2\/posts\/907741\/revisions"}],"predecessor-version":[{"id":907742,"href":"https:\/\/www.albinfo.ch\/fr\/wp-json\/wp\/v2\/posts\/907741\/revisions\/907742"}],"wp:featuredmedia":[{"embeddable":true,"href":"https:\/\/www.albinfo.ch\/fr\/wp-json\/wp\/v2\/media\/907589"}],"wp:attachment":[{"href":"https:\/\/www.albinfo.ch\/fr\/wp-json\/wp\/v2\/media?parent=907741"}],"wp:term":[{"taxonomy":"category","embeddable":true,"href":"https:\/\/www.albinfo.ch\/fr\/wp-json\/wp\/v2\/categories?post=907741"},{"taxonomy":"post_tag","embeddable":true,"href":"https:\/\/www.albinfo.ch\/fr\/wp-json\/wp\/v2\/tags?post=907741"},{"taxonomy":"vendi","embeddable":true,"href":"https:\/\/www.albinfo.ch\/fr\/wp-json\/wp\/v2\/vendi?post=907741"},{"taxonomy":"content_country","embeddable":true,"href":"https:\/\/www.albinfo.ch\/fr\/wp-json\/wp\/v2\/content_country?post=907741"}],"curies":[{"name":"wp","href":"https:\/\/api.w.org\/{rel}","templated":true}]}}