{"id":907749,"date":"2026-03-12T18:08:31","date_gmt":"2026-03-12T17:08:31","guid":{"rendered":"https:\/\/www.albinfo.ch\/?p=907749"},"modified":"2026-03-13T00:42:34","modified_gmt":"2026-03-12T23:42:34","slug":"ardiana-sallauka-et-arber-jagoda-sont-reelus-au-conseil-communal-de-villeneuve-dans-le-canton-de-vaud","status":"publish","type":"post","link":"https:\/\/www.albinfo.ch\/fr\/ardiana-sallauka-et-arber-jagoda-sont-reelus-au-conseil-communal-de-villeneuve-dans-le-canton-de-vaud\/","title":{"rendered":"Ardiana Sallauka et Arber Jagoda sont r\u00e9\u00e9lus au Conseil communal de Villeneuve dans le canton de Vaud"},"content":{"rendered":"<p data-start=\"8\" data-end=\"250\">Dans la commune de Villeneuve, dans le canton de Vaud en Suisse, deux repr\u00e9sentants de la communaut\u00e9 albanaise ont \u00e9t\u00e9 r\u00e9\u00e9lus pour la deuxi\u00e8me fois au Conseil communal, figurant parmi les candidats les plus vot\u00e9s lors des \u00e9lections locales.<\/p>\n<p data-start=\"252\" data-end=\"501\">Arber Jagoda, conseiller communal et en m\u00eame temps pr\u00e9sident du Parti socialiste \u00e0 Villeneuve, a \u00e9t\u00e9 r\u00e9\u00e9lu pour la deuxi\u00e8me fois \u00e0 cette fonction. Il est \u00e9galement candidat sur la liste pour diriger la commune comme syndic lors du prochain mandat.<\/p>\n<p data-start=\"503\" data-end=\"685\">De m\u00eame, Ardiana Sallauka a \u00e9t\u00e9 r\u00e9\u00e9lue pour la deuxi\u00e8me fois comme conseill\u00e8re communale et a obtenu le plus grand nombre de voix parmi les femmes du Parti socialiste \u00e0 Villeneuve.<\/p>\n<p data-start=\"687\" data-end=\"962\">Villeneuve est une commune du canton de Vaud, situ\u00e9e pr\u00e8s du lac L\u00e9man et \u00e0 proximit\u00e9 de la ville de Montreux. La commune compte environ six mille habitants et est connue pour sa position touristique, son histoire ancienne et son lien avec la r\u00e9gion de la Riviera vaudoise.<\/p>\n<p data-start=\"964\" data-end=\"1184\">La r\u00e9\u00e9lection des deux repr\u00e9sentants albanais pour la deuxi\u00e8me fois au Conseil communal est consid\u00e9r\u00e9e comme une r\u00e9ussite importante et comme une preuve de la confiance que les citoyens de cette commune leur accordent.<\/p>\n","protected":false},"excerpt":{"rendered":"<p>Dans la commune de Villeneuve, dans le canton de Vaud en Suisse, deux repr\u00e9sentants de la communaut\u00e9 albanaise ont \u00e9t\u00e9 r\u00e9\u00e9lus pour la deuxi\u00e8me fois au Conseil communal, figurant parmi les candidats les plus vot\u00e9s lors des \u00e9lections locales. Arber Jagoda, conseiller communal et en m\u00eame temps pr\u00e9sident du Parti socialiste \u00e0 Villeneuve, a \u00e9t\u00e9 [&hellip;]<\/p>\n","protected":false},"author":6,"featured_media":907614,"comment_status":"closed","ping_status":"closed","sticky":false,"template":"","format":"standard","meta":{"footnotes":""},"categories":[24637,1164,18826,1163,1170],"tags":[],"vendi":[],"content_country":[],"class_list":["post-907749","post","type-post","status-publish","format-standard","has-post-thumbnail","hentry","category-nouvelles-fr-4","category-integration-fr","category-lajme-jeta-ne-zvicer-fr","category-fr-e-diaspora","category-vivre-en-suisse"],"acf":[],"_links":{"self":[{"href":"https:\/\/www.albinfo.ch\/fr\/wp-json\/wp\/v2\/posts\/907749","targetHints":{"allow":["GET"]}}],"collection":[{"href":"https:\/\/www.albinfo.ch\/fr\/wp-json\/wp\/v2\/posts"}],"about":[{"href":"https:\/\/www.albinfo.ch\/fr\/wp-json\/wp\/v2\/types\/post"}],"author":[{"embeddable":true,"href":"https:\/\/www.albinfo.ch\/fr\/wp-json\/wp\/v2\/users\/6"}],"replies":[{"embeddable":true,"href":"https:\/\/www.albinfo.ch\/fr\/wp-json\/wp\/v2\/comments?post=907749"}],"version-history":[{"count":1,"href":"https:\/\/www.albinfo.ch\/fr\/wp-json\/wp\/v2\/posts\/907749\/revisions"}],"predecessor-version":[{"id":907750,"href":"https:\/\/www.albinfo.ch\/fr\/wp-json\/wp\/v2\/posts\/907749\/revisions\/907750"}],"wp:featuredmedia":[{"embeddable":true,"href":"https:\/\/www.albinfo.ch\/fr\/wp-json\/wp\/v2\/media\/907614"}],"wp:attachment":[{"href":"https:\/\/www.albinfo.ch\/fr\/wp-json\/wp\/v2\/media?parent=907749"}],"wp:term":[{"taxonomy":"category","embeddable":true,"href":"https:\/\/www.albinfo.ch\/fr\/wp-json\/wp\/v2\/categories?post=907749"},{"taxonomy":"post_tag","embeddable":true,"href":"https:\/\/www.albinfo.ch\/fr\/wp-json\/wp\/v2\/tags?post=907749"},{"taxonomy":"vendi","embeddable":true,"href":"https:\/\/www.albinfo.ch\/fr\/wp-json\/wp\/v2\/vendi?post=907749"},{"taxonomy":"content_country","embeddable":true,"href":"https:\/\/www.albinfo.ch\/fr\/wp-json\/wp\/v2\/content_country?post=907749"}],"curies":[{"name":"wp","href":"https:\/\/api.w.org\/{rel}","templated":true}]}}