{"id":907757,"date":"2026-03-12T19:19:22","date_gmt":"2026-03-12T18:19:22","guid":{"rendered":"https:\/\/www.albinfo.ch\/?p=907757"},"modified":"2026-03-13T01:02:35","modified_gmt":"2026-03-13T00:02:35","slug":"lunee-relie-la-tradition-albanaise-a-la-technologie-moderne","status":"publish","type":"post","link":"https:\/\/www.albinfo.ch\/fr\/lunee-relie-la-tradition-albanaise-a-la-technologie-moderne\/","title":{"rendered":"LUNEE relie la tradition albanaise \u00e0 la technologie moderne"},"content":{"rendered":"<p data-start=\"8\" data-end=\"473\">L\u2019organisation d\u2019un mariage albanais, lorsque la vie se d\u00e9roule en diaspora et que la c\u00e9r\u00e9monie a lieu dans le pays d\u2019origine, reste pour de nombreux couples un grand d\u00e9fi. La coordination entre diff\u00e9rents pays, la gestion de centaines d\u2019invit\u00e9s et la recherche de services fiables deviennent souvent une source de stress. C\u2019est pr\u00e9cis\u00e9ment de ce besoin qu\u2019est n\u00e9e <a href=\"https:\/\/www.instagram.com\/lunee.ch\/\">LUNEE<\/a>, une plateforme num\u00e9rique cr\u00e9\u00e9e en Suisse et adapt\u00e9e sp\u00e9cialement \u00e0 la communaut\u00e9 albanaise.<\/p>\n<p data-start=\"475\" data-end=\"692\">D\u00e9velopp\u00e9e par deux fondatrices albanaises vivant en Suisse, <a href=\"https:\/\/www.instagram.com\/lunee.ch\/\">LUNEE<\/a> vise \u00e0 accompagner les couples pas \u00e0 pas dans l\u2019organisation du mariage, tout en respectant les traditions culturelles et la r\u00e9alit\u00e9 de la diaspora.<\/p>\n<p>&nbsp;<\/p>\n<figure id=\"attachment_907635\" aria-describedby=\"caption-attachment-907635\" style=\"width: 640px\" class=\"wp-caption alignnone\"><a href=\"https:\/\/www.albinfo.ch\/wp-content\/uploads\/2026\/03\/tamane-spahiu-dhe-flutra-ademi-2.jpg\"><img loading=\"lazy\" decoding=\"async\" class=\"wp-image-907635 size-large\" src=\"https:\/\/www.albinfo.ch\/wp-content\/uploads\/2026\/03\/tamane-spahiu-dhe-flutra-ademi-2-1024x576.jpg\" alt=\"\" width=\"640\" height=\"360\" srcset=\"https:\/\/www.albinfo.ch\/wp-content\/uploads\/2026\/03\/tamane-spahiu-dhe-flutra-ademi-2-1024x576.jpg 1024w, https:\/\/www.albinfo.ch\/wp-content\/uploads\/2026\/03\/tamane-spahiu-dhe-flutra-ademi-2-300x169.jpg 300w, https:\/\/www.albinfo.ch\/wp-content\/uploads\/2026\/03\/tamane-spahiu-dhe-flutra-ademi-2-768x432.jpg 768w, https:\/\/www.albinfo.ch\/wp-content\/uploads\/2026\/03\/tamane-spahiu-dhe-flutra-ademi-2-182x101.jpg 182w, https:\/\/www.albinfo.ch\/wp-content\/uploads\/2026\/03\/tamane-spahiu-dhe-flutra-ademi-2-790x443.jpg 790w, https:\/\/www.albinfo.ch\/wp-content\/uploads\/2026\/03\/tamane-spahiu-dhe-flutra-ademi-2-587x330.jpg 587w, https:\/\/www.albinfo.ch\/wp-content\/uploads\/2026\/03\/tamane-spahiu-dhe-flutra-ademi-2-178x100.jpg 178w, https:\/\/www.albinfo.ch\/wp-content\/uploads\/2026\/03\/tamane-spahiu-dhe-flutra-ademi-2-265x149.jpg 265w, https:\/\/www.albinfo.ch\/wp-content\/uploads\/2026\/03\/tamane-spahiu-dhe-flutra-ademi-2.jpg 1280w\" sizes=\"auto, (max-width: 640px) 100vw, 640px\" \/><\/a><figcaption id=\"caption-attachment-907635\" class=\"wp-caption-text\">Tamane Spahiu et Flutra Ademi<\/figcaption><\/figure>\n<p data-start=\"8\" data-end=\"43\">Comment est n\u00e9e l\u2019id\u00e9e de LUNEE?<\/p>\n<p data-start=\"45\" data-end=\"403\">Flutra Ademi: &#8221; L\u2019id\u00e9e est n\u00e9e pendant l\u2019organisation de mon propre mariage. Il existait beaucoup d\u2019outils s\u00e9par\u00e9s, mais aucune plateforme qui les r\u00e9unissait tous et qui soit adapt\u00e9e \u00e0 nous, les Albanais. De plus, beaucoup de plateformes existent uniquement en langues \u00e9trang\u00e8res, ce qui rend la participation des membres de la famille plus difficile. &#8220;<\/p>\n<p data-start=\"405\" data-end=\"718\">Tamane Spahiu: &#8220;Les listes d\u2019invit\u00e9s sont l\u2019un des plus grands d\u00e9fis. Dans les mariages albanais, des centaines de personnes sont souvent invit\u00e9es, mais la gestion se fait encore avec des notes ou des tableaux compliqu\u00e9s. Les services se trouvent aussi g\u00e9n\u00e9ralement seulement par recommandations verbales. &#8220;<\/p>\n<p data-start=\"720\" data-end=\"804\">Pourquoi l\u2019organisation des mariages albanais en diaspora est-elle si compliqu\u00e9e?<\/p>\n<p data-start=\"806\" data-end=\"1061\">&#8221; Tout se d\u00e9roule entre deux pays. Les couples travaillent en diaspora et doivent voyager souvent vers le pays d\u2019origine pour de courtes rencontres, sans avoir une vision claire des priorit\u00e9s. Cela provoque des malentendus, de la fatigue et du stress. &#8220;<\/p>\n<p data-start=\"1063\" data-end=\"1097\"><strong>Que propose concr\u00e8tement LUNEE?<\/strong><\/p>\n<p data-start=\"1099\" data-end=\"1373\">&#8221; <a href=\"https:\/\/www.instagram.com\/lunee.ch\/\">LUNEE<\/a> r\u00e9unit tout sur une seule plateforme: le site personnel du mariage, la liste des invit\u00e9s, la gestion des confirmations de pr\u00e9sence et la recherche de services. Pour la premi\u00e8re fois, les couples ont une vue digitale compl\u00e8te de tout le processus d\u2019organisation. &#8220;<\/p>\n<p data-start=\"1375\" data-end=\"1440\"><strong>Comment se construit le lien entre diaspora et pays d\u2019origine?<\/strong><\/p>\n<p data-start=\"1442\" data-end=\"1745\">&#8221; Nous collaborons avec des partenaires locaux en Albanie, au Kosovo et en Mac\u00e9doine du Nord. En Albanie, la repr\u00e9sentation et la coop\u00e9ration avec les prestataires locaux se font en partenariat avec Gladiola Dona, tandis qu\u2019au Kosovo et en Mac\u00e9doine du Nord nous avons des points de contact directs. &#8220;<\/p>\n<p data-start=\"1747\" data-end=\"1836\"><a href=\"https:\/\/www.instagram.com\/lunee.ch\/\">LUNEE<\/a> \u00e9largit son r\u00e9seau avec Vali Ranch, destination pr\u00e9f\u00e9r\u00e9e de la diaspora au Kosovo<\/p>\n<p data-start=\"1838\" data-end=\"2250\">Dans cette vision s\u2019inscrit aussi la nouvelle collaboration entre LUNEE et Vali Ranch, un nom qui depuis des ann\u00e9es est synonyme de mariage id\u00e9al. Environ 70 % des couples qui choisissent ce resort pour leur mariage viennent de Suisse. Ce chiffre montre clairement le niveau \u00e9lev\u00e9 du service et la qualit\u00e9 de la cuisine, comparables aux \u00e9tablissements les plus avanc\u00e9s en Suisse et dans d\u2019autres pays d\u2019Europe.<\/p>\n<p data-start=\"2252\" data-end=\"2308\"><strong>Qu\u2019est-ce qui distingue LUNEE des autres plateformes?<\/strong><\/p>\n<p data-start=\"2310\" data-end=\"2592\">&#8221; Les plateformes internationales sont g\u00e9n\u00e9rales et ne prennent pas en compte les particularit\u00e9s culturelles albanaises. LUNEE a \u00e9t\u00e9 cr\u00e9\u00e9e sp\u00e9cialement pour la communaut\u00e9 albanaise, en refl\u00e9tant les traditions, la structure familiale et notre mani\u00e8re d\u2019organiser les \u00e9v\u00e9nements. &#8220;<\/p>\n<p data-start=\"2594\" data-end=\"2629\"><strong>Standard suisse et vision globale<\/strong><\/p>\n<p data-start=\"2631\" data-end=\"2848\">LUNEE a pass\u00e9 avec succ\u00e8s le processus de candidature aupr\u00e8s de Innosuisse, l\u2019agence f\u00e9d\u00e9rale suisse pour l\u2019innovation. Cette collaboration garantit un d\u00e9veloppement professionnel et des standards de qualit\u00e9 \u00e9lev\u00e9s.<\/p>\n<p data-start=\"2850\" data-end=\"2986\">La vision des fondatrices est claire: faire de <strong>LUNEE<\/strong> le point de r\u00e9f\u00e9rence principal pour les mariages albanais dans le monde entier.<\/p>\n<p data-start=\"2988\" data-end=\"3014\">Plus qu\u2019une organisation<\/p>\n<p data-start=\"3016\" data-end=\"3237\">Pour LUNEE, l\u2019organisation d\u2019un mariage n\u2019est pas seulement un processus technique.<br data-start=\"3099\" data-end=\"3102\" \/>&#8221; Nous voulons que chaque mariage soit un moment magique, sans stress, clair et rempli de joie, pour les couples et leurs familles. &#8220;<\/p>\n<p data-start=\"3239\" data-end=\"3262\">Plus d\u2019informations: <a href=\"https:\/\/lunee.ch\/?locale=sq\">lunee.ch<\/a><\/p>\n","protected":false},"excerpt":{"rendered":"<p>Un mariage entre deux mondes: comment LUNEE, une id\u00e9e venue de Suisse, facilite l\u2019organisation pour les couples albanais de la diaspora<\/p>\n","protected":false},"author":6,"featured_media":907640,"comment_status":"closed","ping_status":"closed","sticky":false,"template":"","format":"standard","meta":{"footnotes":""},"categories":[3980,24637,1164,1163],"tags":[],"vendi":[],"content_country":[],"class_list":["post-907757","post","type-post","status-publish","format-standard","has-post-thumbnail","hentry","category-portrait-des-entreprises","category-nouvelles-fr-4","category-integration-fr","category-fr-e-diaspora"],"acf":[],"_links":{"self":[{"href":"https:\/\/www.albinfo.ch\/fr\/wp-json\/wp\/v2\/posts\/907757","targetHints":{"allow":["GET"]}}],"collection":[{"href":"https:\/\/www.albinfo.ch\/fr\/wp-json\/wp\/v2\/posts"}],"about":[{"href":"https:\/\/www.albinfo.ch\/fr\/wp-json\/wp\/v2\/types\/post"}],"author":[{"embeddable":true,"href":"https:\/\/www.albinfo.ch\/fr\/wp-json\/wp\/v2\/users\/6"}],"replies":[{"embeddable":true,"href":"https:\/\/www.albinfo.ch\/fr\/wp-json\/wp\/v2\/comments?post=907757"}],"version-history":[{"count":1,"href":"https:\/\/www.albinfo.ch\/fr\/wp-json\/wp\/v2\/posts\/907757\/revisions"}],"predecessor-version":[{"id":907758,"href":"https:\/\/www.albinfo.ch\/fr\/wp-json\/wp\/v2\/posts\/907757\/revisions\/907758"}],"wp:featuredmedia":[{"embeddable":true,"href":"https:\/\/www.albinfo.ch\/fr\/wp-json\/wp\/v2\/media\/907640"}],"wp:attachment":[{"href":"https:\/\/www.albinfo.ch\/fr\/wp-json\/wp\/v2\/media?parent=907757"}],"wp:term":[{"taxonomy":"category","embeddable":true,"href":"https:\/\/www.albinfo.ch\/fr\/wp-json\/wp\/v2\/categories?post=907757"},{"taxonomy":"post_tag","embeddable":true,"href":"https:\/\/www.albinfo.ch\/fr\/wp-json\/wp\/v2\/tags?post=907757"},{"taxonomy":"vendi","embeddable":true,"href":"https:\/\/www.albinfo.ch\/fr\/wp-json\/wp\/v2\/vendi?post=907757"},{"taxonomy":"content_country","embeddable":true,"href":"https:\/\/www.albinfo.ch\/fr\/wp-json\/wp\/v2\/content_country?post=907757"}],"curies":[{"name":"wp","href":"https:\/\/api.w.org\/{rel}","templated":true}]}}