{"id":907888,"date":"2026-03-13T09:16:08","date_gmt":"2026-03-13T08:16:08","guid":{"rendered":"https:\/\/www.albinfo.ch\/?p=907888"},"modified":"2026-03-13T19:22:02","modified_gmt":"2026-03-13T18:22:02","slug":"haxhiu-a-recu-lambassadeur-suisse-sprecher-le-renforcement-de-la-cooperation-kosovo-suisse-est-souligne","status":"publish","type":"post","link":"https:\/\/www.albinfo.ch\/fr\/haxhiu-a-recu-lambassadeur-suisse-sprecher-le-renforcement-de-la-cooperation-kosovo-suisse-est-souligne\/","title":{"rendered":"Haxhiu a re\u00e7u l\u2019ambassadeur suisse Sprecher, le renforcement de la coop\u00e9ration Kosovo Suisse est soulign\u00e9"},"content":{"rendered":"<p data-start=\"8\" data-end=\"271\">La pr\u00e9sidente de l\u2019Assembl\u00e9e de la R\u00e9publique du Kosovo, Albulena Haxhiu, a re\u00e7u aujourd\u2019hui en r\u00e9union l\u2019ambassadeur de Suisse au Kosovo, J\u00fcrg Sprecher, avec qui elle a discut\u00e9 des relations entre les deux pays et des possibilit\u00e9s d\u2019approfondir la coop\u00e9ration.<\/p>\n<p data-start=\"273\" data-end=\"555\">Lors de la rencontre, Haxhiu a soulign\u00e9 que les relations entre le Kosovo et la Suisse restent stables et amicales, en mettant en avant l\u2019importance de poursuivre la coop\u00e9ration dans les domaines qui influencent directement le d\u00e9veloppement d\u00e9mocratique et institutionnel du pays.<\/p>\n<p><a href=\"https:\/\/www.albinfo.ch\/wp-content\/uploads\/2026\/03\/screenshot_20260312_202016_gmail.jpg\"><img loading=\"lazy\" decoding=\"async\" class=\"alignnone size-large wp-image-907702\" src=\"https:\/\/www.albinfo.ch\/wp-content\/uploads\/2026\/03\/screenshot_20260312_202016_gmail-1024x646.jpg\" alt=\"\" width=\"640\" height=\"404\" srcset=\"https:\/\/www.albinfo.ch\/wp-content\/uploads\/2026\/03\/screenshot_20260312_202016_gmail-1024x646.jpg 1024w, https:\/\/www.albinfo.ch\/wp-content\/uploads\/2026\/03\/screenshot_20260312_202016_gmail-300x189.jpg 300w, https:\/\/www.albinfo.ch\/wp-content\/uploads\/2026\/03\/screenshot_20260312_202016_gmail-768x485.jpg 768w, https:\/\/www.albinfo.ch\/wp-content\/uploads\/2026\/03\/screenshot_20260312_202016_gmail-87x56.jpg 87w, https:\/\/www.albinfo.ch\/wp-content\/uploads\/2026\/03\/screenshot_20260312_202016_gmail-587x370.jpg 587w, https:\/\/www.albinfo.ch\/wp-content\/uploads\/2026\/03\/screenshot_20260312_202016_gmail-420x266.jpg 420w, https:\/\/www.albinfo.ch\/wp-content\/uploads\/2026\/03\/screenshot_20260312_202016_gmail-158x100.jpg 158w, https:\/\/www.albinfo.ch\/wp-content\/uploads\/2026\/03\/screenshot_20260312_202016_gmail-265x167.jpg 265w, https:\/\/www.albinfo.ch\/wp-content\/uploads\/2026\/03\/screenshot_20260312_202016_gmail.jpg 1079w\" sizes=\"auto, (max-width: 640px) 100vw, 640px\" \/><\/a><\/p>\n<p data-start=\"8\" data-end=\"236\">Elle a salu\u00e9 le soutien continu que la Suisse a apport\u00e9 au Kosovo au fil des ann\u00e9es, le qualifiant de partenaire important dans le renforcement des institutions et l\u2019avancement des processus d\u00e9mocratiques, rapporte albinfo.ch.<\/p>\n<p data-start=\"238\" data-end=\"457\">\u00c0 la fin de la rencontre, la pr\u00e9sidente Haxhiu a exprim\u00e9 sa volont\u00e9 d\u2019approfondir encore davantage la coop\u00e9ration entre le Kosovo et la Suisse, au service du d\u00e9veloppement et du renforcement des relations bilat\u00e9rales.<\/p>\n","protected":false},"excerpt":{"rendered":"<p>La pr\u00e9sidente de l\u2019Assembl\u00e9e de la R\u00e9publique du Kosovo, Albulena Haxhiu, a re\u00e7u aujourd\u2019hui en r\u00e9union l\u2019ambassadeur de Suisse au Kosovo, J\u00fcrg Sprecher, avec qui elle a discut\u00e9 des relations entre les deux pays et des possibilit\u00e9s d\u2019approfondir la coop\u00e9ration. Lors de la rencontre, Haxhiu a soulign\u00e9 que les relations entre le Kosovo et la [&hellip;]<\/p>\n","protected":false},"author":6,"featured_media":907700,"comment_status":"closed","ping_status":"closed","sticky":false,"template":"","format":"standard","meta":{"footnotes":""},"categories":[33083,23271,1160,3949,23277,23270,24620,24634,1159],"tags":[],"vendi":[],"content_country":[],"class_list":["post-907888","post","type-post","status-publish","format-standard","has-post-thumbnail","hentry","category-de-balkani-fr","category-kosovo","category-actuel","category-kosova-fr","category-news-fr","category-at-balkani-fr","category-kosova-fr-2","category-nouvelles-fr-3","category-ch-balkans"],"acf":[],"_links":{"self":[{"href":"https:\/\/www.albinfo.ch\/fr\/wp-json\/wp\/v2\/posts\/907888","targetHints":{"allow":["GET"]}}],"collection":[{"href":"https:\/\/www.albinfo.ch\/fr\/wp-json\/wp\/v2\/posts"}],"about":[{"href":"https:\/\/www.albinfo.ch\/fr\/wp-json\/wp\/v2\/types\/post"}],"author":[{"embeddable":true,"href":"https:\/\/www.albinfo.ch\/fr\/wp-json\/wp\/v2\/users\/6"}],"replies":[{"embeddable":true,"href":"https:\/\/www.albinfo.ch\/fr\/wp-json\/wp\/v2\/comments?post=907888"}],"version-history":[{"count":1,"href":"https:\/\/www.albinfo.ch\/fr\/wp-json\/wp\/v2\/posts\/907888\/revisions"}],"predecessor-version":[{"id":907889,"href":"https:\/\/www.albinfo.ch\/fr\/wp-json\/wp\/v2\/posts\/907888\/revisions\/907889"}],"wp:featuredmedia":[{"embeddable":true,"href":"https:\/\/www.albinfo.ch\/fr\/wp-json\/wp\/v2\/media\/907700"}],"wp:attachment":[{"href":"https:\/\/www.albinfo.ch\/fr\/wp-json\/wp\/v2\/media?parent=907888"}],"wp:term":[{"taxonomy":"category","embeddable":true,"href":"https:\/\/www.albinfo.ch\/fr\/wp-json\/wp\/v2\/categories?post=907888"},{"taxonomy":"post_tag","embeddable":true,"href":"https:\/\/www.albinfo.ch\/fr\/wp-json\/wp\/v2\/tags?post=907888"},{"taxonomy":"vendi","embeddable":true,"href":"https:\/\/www.albinfo.ch\/fr\/wp-json\/wp\/v2\/vendi?post=907888"},{"taxonomy":"content_country","embeddable":true,"href":"https:\/\/www.albinfo.ch\/fr\/wp-json\/wp\/v2\/content_country?post=907888"}],"curies":[{"name":"wp","href":"https:\/\/api.w.org\/{rel}","templated":true}]}}