{"id":907905,"date":"2026-03-13T11:17:48","date_gmt":"2026-03-13T10:17:48","guid":{"rendered":"https:\/\/www.albinfo.ch\/?p=907905"},"modified":"2026-03-13T20:20:06","modified_gmt":"2026-03-13T19:20:06","slug":"la-soprano-marigona-qerkezi-brille-au-aids-gala-a-loper-am-rhein-a-dusseldorf","status":"publish","type":"post","link":"https:\/\/www.albinfo.ch\/fr\/la-soprano-marigona-qerkezi-brille-au-aids-gala-a-loper-am-rhein-a-dusseldorf\/","title":{"rendered":"La soprano Marigona Qerkezi brille au &#8220;AIDS Gala&#8221; \u00e0 l\u2019Oper am Rhein \u00e0 D\u00fcsseldorf"},"content":{"rendered":"<p data-start=\"8\" data-end=\"215\">La soprano albanaise Marigona Qerkezi a particip\u00e9 \u00e0 la 16e \u00e9dition du concert caritatif &#8220;AIDS Gala&#8221;, qui s\u2019est tenu dans la c\u00e9l\u00e8bre salle d\u2019op\u00e9ra Oper am Rhein \u00e0 D\u00fcsseldorf, en Allemagne, \u00e9crit albinfo.ch.<\/p>\n<p data-start=\"217\" data-end=\"390\">Lors de cette soir\u00e9e artistique et humanitaire, la soprano s\u2019est pr\u00e9sent\u00e9e avec \u00e9l\u00e9gance sur sc\u00e8ne et sur le tapis rouge, attirant \u00e9galement l\u2019attention par son apparence.<\/p>\n<p data-start=\"392\" data-end=\"620\">Pour cet \u00e9v\u00e9nement, Marigona Qerkezi avait choisi une robe de la maison de mode Talbot Runhof. Il s\u2019agissait du mod\u00e8le &#8220;Tottori&#8221;, une robe \u00e9l\u00e9gante avec un d\u00e9collet\u00e9 en V profond, une jupe ample et un dos avec une coupe haute.<\/p>\n<p data-start=\"622\" data-end=\"768\">La robe est r\u00e9alis\u00e9e en tissu jacquard monark dans une nuance bleu royal profond, donnant \u00e0 la soprano une apparence classique et tr\u00e8s \u00e9l\u00e9gante.<\/p>\n<p data-start=\"770\" data-end=\"1009\">&#8220;AIDS Gala&#8221; est l\u2019un des concerts caritatifs les plus connus en Europe, o\u00f9 des artistes d\u2019op\u00e9ra et de musique classique de diff\u00e9rents pays se r\u00e9unissent pour soutenir des causes humanitaires et sensibiliser \u00e0 la lutte contre le VIH\/SIDA.<\/p>\n<p class=\"p1\">\/Albinfo.ch<\/p>\n","protected":false},"excerpt":{"rendered":"<p>L\u2019artiste albanaise a particip\u00e9 \u00e0 la 16e \u00e9dition du concert caritatif, en apparaissant dans une robe \u00e9l\u00e9gante de la marque Talbot Runhof.<\/p>\n","protected":false},"author":6,"featured_media":907788,"comment_status":"closed","ping_status":"closed","sticky":false,"template":"","format":"standard","meta":{"footnotes":""},"categories":[34914,24637,24660,24630,24632,1163,1168],"tags":[],"vendi":[],"content_country":[],"class_list":["post-907905","post","type-post","status-publish","format-standard","has-post-thumbnail","hentry","category-la-vie-en-allemagne","category-nouvelles-fr-4","category-la-musique","category-nouvelles","category-nouvelles-fr","category-fr-e-diaspora","category-culture"],"acf":[],"_links":{"self":[{"href":"https:\/\/www.albinfo.ch\/fr\/wp-json\/wp\/v2\/posts\/907905","targetHints":{"allow":["GET"]}}],"collection":[{"href":"https:\/\/www.albinfo.ch\/fr\/wp-json\/wp\/v2\/posts"}],"about":[{"href":"https:\/\/www.albinfo.ch\/fr\/wp-json\/wp\/v2\/types\/post"}],"author":[{"embeddable":true,"href":"https:\/\/www.albinfo.ch\/fr\/wp-json\/wp\/v2\/users\/6"}],"replies":[{"embeddable":true,"href":"https:\/\/www.albinfo.ch\/fr\/wp-json\/wp\/v2\/comments?post=907905"}],"version-history":[{"count":2,"href":"https:\/\/www.albinfo.ch\/fr\/wp-json\/wp\/v2\/posts\/907905\/revisions"}],"predecessor-version":[{"id":907907,"href":"https:\/\/www.albinfo.ch\/fr\/wp-json\/wp\/v2\/posts\/907905\/revisions\/907907"}],"wp:featuredmedia":[{"embeddable":true,"href":"https:\/\/www.albinfo.ch\/fr\/wp-json\/wp\/v2\/media\/907788"}],"wp:attachment":[{"href":"https:\/\/www.albinfo.ch\/fr\/wp-json\/wp\/v2\/media?parent=907905"}],"wp:term":[{"taxonomy":"category","embeddable":true,"href":"https:\/\/www.albinfo.ch\/fr\/wp-json\/wp\/v2\/categories?post=907905"},{"taxonomy":"post_tag","embeddable":true,"href":"https:\/\/www.albinfo.ch\/fr\/wp-json\/wp\/v2\/tags?post=907905"},{"taxonomy":"vendi","embeddable":true,"href":"https:\/\/www.albinfo.ch\/fr\/wp-json\/wp\/v2\/vendi?post=907905"},{"taxonomy":"content_country","embeddable":true,"href":"https:\/\/www.albinfo.ch\/fr\/wp-json\/wp\/v2\/content_country?post=907905"}],"curies":[{"name":"wp","href":"https:\/\/api.w.org\/{rel}","templated":true}]}}