{"id":907955,"date":"2026-03-13T14:16:50","date_gmt":"2026-03-13T13:16:50","guid":{"rendered":"https:\/\/www.albinfo.ch\/?p=907955"},"modified":"2026-03-13T22:43:58","modified_gmt":"2026-03-13T21:43:58","slug":"demain-a-berne-venez-a-la-manifestation-kurora-e-lirise","status":"publish","type":"post","link":"https:\/\/www.albinfo.ch\/fr\/demain-a-berne-venez-a-la-manifestation-kurora-e-lirise\/","title":{"rendered":"Demain \u00e0 Berne: Venez \u00e0 la manifestation \u201cLa Couronne de la Libert\u00e9\u201d"},"content":{"rendered":"<p data-start=\"8\" data-end=\"254\">Demain, le 14 mars, \u00e0 la Kursaal Arena \u00e0 Berne, se tiendra la manifestation comm\u00e9morative avec programme artistique \u201cLa Couronne de la Libert\u00e9\u201d, qui r\u00e9unit la diaspora albanaise lors d\u2019un \u00e9v\u00e9nement sp\u00e9cial consacr\u00e9 \u00e0 la culture et \u00e0 la m\u00e9moire nationale.<\/p>\n<p data-start=\"256\" data-end=\"550\">La manifestation est organis\u00e9e par le Conseil des associations culturelles albanaises en Suisse en hommage au sacrifice sacr\u00e9 de la famille Jashari et de tous les martyrs tomb\u00e9s pour la libert\u00e9 du Kosovo. Elle vise \u00e9galement \u00e0 renforcer le lien entre les g\u00e9n\u00e9rations de la diaspora albanaise.<\/p>\n<p><a href=\"https:\/\/www.albinfo.ch\/wp-content\/uploads\/2026\/03\/ekspo-alickaj.jpg\"><img loading=\"lazy\" decoding=\"async\" class=\"alignnone wp-image-907820\" src=\"https:\/\/www.albinfo.ch\/wp-content\/uploads\/2026\/03\/ekspo-alickaj.jpg\" alt=\"\" width=\"564\" height=\"800\" srcset=\"https:\/\/www.albinfo.ch\/wp-content\/uploads\/2026\/03\/ekspo-alickaj.jpg 1443w, https:\/\/www.albinfo.ch\/wp-content\/uploads\/2026\/03\/ekspo-alickaj-211x300.jpg 211w, https:\/\/www.albinfo.ch\/wp-content\/uploads\/2026\/03\/ekspo-alickaj-722x1024.jpg 722w, https:\/\/www.albinfo.ch\/wp-content\/uploads\/2026\/03\/ekspo-alickaj-768x1089.jpg 768w, https:\/\/www.albinfo.ch\/wp-content\/uploads\/2026\/03\/ekspo-alickaj-1083x1536.jpg 1083w, https:\/\/www.albinfo.ch\/wp-content\/uploads\/2026\/03\/ekspo-alickaj-169x240.jpg 169w, https:\/\/www.albinfo.ch\/wp-content\/uploads\/2026\/03\/ekspo-alickaj-279x396.jpg 279w, https:\/\/www.albinfo.ch\/wp-content\/uploads\/2026\/03\/ekspo-alickaj-70x100.jpg 70w, https:\/\/www.albinfo.ch\/wp-content\/uploads\/2026\/03\/ekspo-alickaj-123x175.jpg 123w\" sizes=\"auto, (max-width: 564px) 100vw, 564px\" \/><\/a><\/p>\n<p data-start=\"8\" data-end=\"398\">Dans le cadre de cette manifestation, l\u2019ouverture officielle de l\u2019exposition photographique aura lieu \u00e0 13h00. \u00c0 travers les images, l\u2019exposition rappelle la m\u00e9moire de Prekaz et le sacrifice de la famille Jashari, offrant un moment de r\u00e9flexion et d\u2019hommage \u00e0 l\u2019histoire et aux valeurs de la libert\u00e9. &#8220;Prekazi, amour, douleur et fiert\u00e9 nationale&#8221; est une \u0153uvre de l\u2019auteur Sefer Ali\u00e7kaj.<\/p>\n<p data-start=\"400\" data-end=\"709\">Une partie solennelle de \u201cLa Couronne de la Libert\u00e9\u201d sera honor\u00e9e par la pr\u00e9sence d\u2019universitaires, de repr\u00e9sentants des autorit\u00e9s politiques de la R\u00e9publique du Kosovo, de la Suisse, ainsi que de membres de la famille du commandant embl\u00e9matique Adem Jashari, qui seront sp\u00e9cialement pr\u00e9sents avec nous depuis Prekaz.<\/p>\n<p data-start=\"711\" data-end=\"1096\">Le programme artistique de cette manifestation est tr\u00e8s riche et mettra sur sc\u00e8ne des chants, des danses et des interpr\u00e9tations instrumentales par de nombreux artistes et ensembles albanais actifs en Suisse. Dans la premi\u00e8re partie se produiront Lahutari, Albakult, Vatra, SHKA Dardania, SHKA Ilir\u00ebt, le ch\u0153ur Lyra, SHKSH &#8220;Bashkimi&#8221; Bern, l\u2019ensemble &#8220;Trojet&#8221; et le ch\u0153ur &#8220;Lulekuqet&#8221;.<\/p>\n<p data-start=\"1098\" data-end=\"1404\">Un moment particulier du programme sera la danse contemporaine combin\u00e9e avec la musique traditionnelle albanaise, interpr\u00e9t\u00e9e par Adora Hiler de l\u2019association &#8220;Dora d\u2019Istria&#8221; \u00e0 Gen\u00e8ve et Tara Avdullahu de SHKSH &#8220;Bashkimi&#8221; Bern, cr\u00e9ant une fusion artistique entre tradition et expression sc\u00e9nique moderne.<\/p>\n<p data-start=\"1406\" data-end=\"1720\">Dans la partie consacr\u00e9e aux danses traditionnelles se produiront l\u2019Ensemble Vatra, l\u2019Ensemble Arb\u00ebresha, SHKA Teuta, Shoqata e M\u00ebrgimtar\u00ebve Shqiptar\u00eb Atdheu, SHKA Dardania, Ansambli Shqiponja, SHKA Ilir\u00ebt et SHKSH Atdheu Thun, apportant sur sc\u00e8ne un large \u00e9ventail de danses et de motifs traditionnels albanais.<\/p>\n<p data-start=\"1722\" data-end=\"1948\">La participation des artistes de la diaspora se conclura par un moment d\u2019hommage et une interpr\u00e9tation instrumentale du groupe ArtBand, tandis que le programme sera pr\u00e9sent\u00e9 par Vjosa Beqiri RTK et Dan Morina Studio Aktrimi.<\/p>\n<p data-start=\"1950\" data-end=\"2163\">Le point culminant de \u201cLa Couronne de la Libert\u00e9\u201d sera \u00e9galement la performance artistique des stars de l\u2019Ensemble national des chants et danses &#8220;Shota&#8221; du Kosovo, sous la direction du directeur artistique Ylber Asllanaj.<\/p>\n<p data-start=\"2165\" data-end=\"2525\">Les organisateurs invitent tous les compatriotes et les amis de la culture albanaise \u00e0 participer \u00e0 cette manifestation sp\u00e9ciale. Par l\u2019art, la musique et la tradition, \u201cLa Couronne de la Libert\u00e9\u201d transmet un message fort de m\u00e9moire, de gratitude et d\u2019unit\u00e9 nationale, faisant de cet \u00e9v\u00e9nement un moment important de rassemblement pour la diaspora albanaise en Suisse.<\/p>\n<p data-start=\"2527\" data-end=\"2665\">Au nom du Conseil organisateur des associations culturelles albanaises en Suisse<br data-start=\"2607\" data-end=\"2610\" \/>Mirishahe Limani Hiler, coordinatrice et responsable.<\/p>\n<p data-start=\"2667\" data-end=\"2812\">\u201cLa Couronne de la Libert\u00e9\u201d est votre manifestation, qui honore avec humilit\u00e9 les 64 martyrs du Prekaz historique, lieu de p\u00e8lerinage du peuple albanais.<\/p>\n<p data-start=\"2814\" data-end=\"2827\">Bienvenue !<\/p>\n<p>&nbsp;<\/p>\n","protected":false},"excerpt":{"rendered":"<p>La manifestation est organis\u00e9e par le Conseil des associations culturelles albanaises en Suisse en hommage au sacrifice sacr\u00e9 de la famille Jashari<\/p>\n","protected":false},"author":6,"featured_media":907818,"comment_status":"closed","ping_status":"closed","sticky":false,"template":"","format":"standard","meta":{"footnotes":""},"categories":[34917,1171,24637,24660,1174,24668,24630,1163,1168,1170],"tags":[],"vendi":[31854],"content_country":[31835,31838,31840],"class_list":["post-907955","post","type-post","status-publish","format-standard","has-post-thumbnail","hentry","category-autres-fr-5","category-thematique","category-nouvelles-fr-4","category-la-musique","category-manifestations","category-exposition","category-nouvelles","category-fr-e-diaspora","category-culture","category-vivre-en-suisse","vendi-berne","content_country-austria-fr","content_country-germany-fr","content_country-zvicer-fr"],"acf":[],"_links":{"self":[{"href":"https:\/\/www.albinfo.ch\/fr\/wp-json\/wp\/v2\/posts\/907955","targetHints":{"allow":["GET"]}}],"collection":[{"href":"https:\/\/www.albinfo.ch\/fr\/wp-json\/wp\/v2\/posts"}],"about":[{"href":"https:\/\/www.albinfo.ch\/fr\/wp-json\/wp\/v2\/types\/post"}],"author":[{"embeddable":true,"href":"https:\/\/www.albinfo.ch\/fr\/wp-json\/wp\/v2\/users\/6"}],"replies":[{"embeddable":true,"href":"https:\/\/www.albinfo.ch\/fr\/wp-json\/wp\/v2\/comments?post=907955"}],"version-history":[{"count":3,"href":"https:\/\/www.albinfo.ch\/fr\/wp-json\/wp\/v2\/posts\/907955\/revisions"}],"predecessor-version":[{"id":907964,"href":"https:\/\/www.albinfo.ch\/fr\/wp-json\/wp\/v2\/posts\/907955\/revisions\/907964"}],"wp:featuredmedia":[{"embeddable":true,"href":"https:\/\/www.albinfo.ch\/fr\/wp-json\/wp\/v2\/media\/907818"}],"wp:attachment":[{"href":"https:\/\/www.albinfo.ch\/fr\/wp-json\/wp\/v2\/media?parent=907955"}],"wp:term":[{"taxonomy":"category","embeddable":true,"href":"https:\/\/www.albinfo.ch\/fr\/wp-json\/wp\/v2\/categories?post=907955"},{"taxonomy":"post_tag","embeddable":true,"href":"https:\/\/www.albinfo.ch\/fr\/wp-json\/wp\/v2\/tags?post=907955"},{"taxonomy":"vendi","embeddable":true,"href":"https:\/\/www.albinfo.ch\/fr\/wp-json\/wp\/v2\/vendi?post=907955"},{"taxonomy":"content_country","embeddable":true,"href":"https:\/\/www.albinfo.ch\/fr\/wp-json\/wp\/v2\/content_country?post=907955"}],"curies":[{"name":"wp","href":"https:\/\/api.w.org\/{rel}","templated":true}]}}