{"id":907965,"date":"2026-03-13T15:16:13","date_gmt":"2026-03-13T14:16:13","guid":{"rendered":"https:\/\/www.albinfo.ch\/?p=907965"},"modified":"2026-03-13T22:52:48","modified_gmt":"2026-03-13T21:52:48","slug":"il-figure-egalement-parmi-les-candidats-les-plus-votes-du-parti-socialiste-dans-cette-commune","status":"publish","type":"post","link":"https:\/\/www.albinfo.ch\/fr\/il-figure-egalement-parmi-les-candidats-les-plus-votes-du-parti-socialiste-dans-cette-commune\/","title":{"rendered":"Jeton Hoxha, l\u2019Albanais le plus vot\u00e9 \u00e0 Renens, est r\u00e9\u00e9lu \u00e0 l\u2019Assembl\u00e9e communale"},"content":{"rendered":"<p data-start=\"8\" data-end=\"144\">Une nouvelle r\u00e9ussite pour la repr\u00e9sentation de la communaut\u00e9 albanaise en Suisse vient de la ville de Renens, dans le canton de Vaud.<\/p>\n<p data-start=\"146\" data-end=\"424\">Jeton Hoxha a \u00e9t\u00e9 r\u00e9\u00e9lu membre de l\u2019Assembl\u00e9e communale de cette ville, obtenant un r\u00e9sultat significatif lors des derni\u00e8res \u00e9lections communales. Selon les r\u00e9sultats publi\u00e9s, Hoxha est le candidat d\u2019origine albanaise le plus vot\u00e9 \u00e0 Renens, avec un large soutien des citoyens.<\/p>\n<p data-start=\"426\" data-end=\"649\">Il figure \u00e9galement parmi les candidats les plus vot\u00e9s du Parti socialiste dans cette commune, un r\u00e9sultat qui refl\u00e8te la confiance que les citoyens accordent \u00e0 son engagement et \u00e0 son travail dans la vie publique locale.<\/p>\n<p data-start=\"651\" data-end=\"913\">Son r\u00e9sultat est consid\u00e9r\u00e9 comme un indicateur clair du soutien dont il b\u00e9n\u00e9ficie parmi les \u00e9lecteurs de Renens, une ville connue pour sa diversit\u00e9 culturelle et pour la participation active de diff\u00e9rentes communaut\u00e9s dans la vie politique et institutionnelle.<\/p>\n<p data-start=\"915\" data-end=\"1163\">Apr\u00e8s l\u2019annonce des r\u00e9sultats, Hoxha a remerci\u00e9 les citoyens pour la confiance accord\u00e9e, soulignant que ce r\u00e9sultat le motive \u00e0 poursuivre son engagement dans la vie institutionnelle et dans la repr\u00e9sentation des int\u00e9r\u00eats des habitants de Renens.<\/p>\n<p data-start=\"1165\" data-end=\"1415\">Il a d\u00e9clar\u00e9 qu\u2019il continuera \u00e0 contribuer au travail de l\u2019Assembl\u00e9e communale avec d\u00e9vouement et responsabilit\u00e9, en soutenant des politiques visant \u00e0 am\u00e9liorer la vie quotidienne des citoyens et \u00e0 renforcer la coexistence au sein de la communaut\u00e9.<\/p>\n<p data-start=\"1417\" data-end=\"1587\">Sa r\u00e9\u00e9lection constitue \u00e9galement un exemple important du r\u00f4le croissant que jouent les citoyens d\u2019origine albanaise dans la vie publique et institutionnelle en Suisse.<\/p>\n<p data-start=\"1589\" data-end=\"1788\">Pour la communaut\u00e9 albanaise en Suisse, la participation aux institutions locales et aux processus d\u00e9mocratiques est un signe d\u2019int\u00e9gration r\u00e9ussie et d\u2019une contribution active \u00e0 la soci\u00e9t\u00e9 suisse.<\/p>\n<p data-start=\"1790\" data-end=\"2029\">La pr\u00e9sence de repr\u00e9sentants d\u2019origine albanaise dans les structures politiques locales montre \u00e9galement que la communaut\u00e9 albanaise devient de plus en plus pr\u00e9sente dans les processus d\u00e9cisionnels des villes et des communes o\u00f9 elle vit.<\/p>\n","protected":false},"excerpt":{"rendered":"<p>Il figure \u00e9galement parmi les candidats les plus vot\u00e9s du Parti socialiste dans cette commune<\/p>\n","protected":false},"author":6,"featured_media":907801,"comment_status":"closed","ping_status":"closed","sticky":false,"template":"","format":"standard","meta":{"footnotes":""},"categories":[24637,1163],"tags":[],"vendi":[],"content_country":[],"class_list":["post-907965","post","type-post","status-publish","format-standard","has-post-thumbnail","hentry","category-nouvelles-fr-4","category-fr-e-diaspora"],"acf":[],"_links":{"self":[{"href":"https:\/\/www.albinfo.ch\/fr\/wp-json\/wp\/v2\/posts\/907965","targetHints":{"allow":["GET"]}}],"collection":[{"href":"https:\/\/www.albinfo.ch\/fr\/wp-json\/wp\/v2\/posts"}],"about":[{"href":"https:\/\/www.albinfo.ch\/fr\/wp-json\/wp\/v2\/types\/post"}],"author":[{"embeddable":true,"href":"https:\/\/www.albinfo.ch\/fr\/wp-json\/wp\/v2\/users\/6"}],"replies":[{"embeddable":true,"href":"https:\/\/www.albinfo.ch\/fr\/wp-json\/wp\/v2\/comments?post=907965"}],"version-history":[{"count":2,"href":"https:\/\/www.albinfo.ch\/fr\/wp-json\/wp\/v2\/posts\/907965\/revisions"}],"predecessor-version":[{"id":907967,"href":"https:\/\/www.albinfo.ch\/fr\/wp-json\/wp\/v2\/posts\/907965\/revisions\/907967"}],"wp:featuredmedia":[{"embeddable":true,"href":"https:\/\/www.albinfo.ch\/fr\/wp-json\/wp\/v2\/media\/907801"}],"wp:attachment":[{"href":"https:\/\/www.albinfo.ch\/fr\/wp-json\/wp\/v2\/media?parent=907965"}],"wp:term":[{"taxonomy":"category","embeddable":true,"href":"https:\/\/www.albinfo.ch\/fr\/wp-json\/wp\/v2\/categories?post=907965"},{"taxonomy":"post_tag","embeddable":true,"href":"https:\/\/www.albinfo.ch\/fr\/wp-json\/wp\/v2\/tags?post=907965"},{"taxonomy":"vendi","embeddable":true,"href":"https:\/\/www.albinfo.ch\/fr\/wp-json\/wp\/v2\/vendi?post=907965"},{"taxonomy":"content_country","embeddable":true,"href":"https:\/\/www.albinfo.ch\/fr\/wp-json\/wp\/v2\/content_country?post=907965"}],"curies":[{"name":"wp","href":"https:\/\/api.w.org\/{rel}","templated":true}]}}