{"id":907972,"date":"2026-03-13T16:15:34","date_gmt":"2026-03-13T15:15:34","guid":{"rendered":"https:\/\/www.albinfo.ch\/?p=907972"},"modified":"2026-03-14T01:20:53","modified_gmt":"2026-03-14T00:20:53","slug":"konjufca-salue-la-suppression-de-la-note-de-bas-de-page-pour-le-kosovo-par-le-comite-des-regions-de-lue","status":"publish","type":"post","link":"https:\/\/www.albinfo.ch\/fr\/konjufca-salue-la-suppression-de-la-note-de-bas-de-page-pour-le-kosovo-par-le-comite-des-regions-de-lue\/","title":{"rendered":"Konjufca salue la suppression de la note de bas de page pour le Kosovo par le Comit\u00e9 des r\u00e9gions de l\u2019UE"},"content":{"rendered":"<p data-start=\"8\" data-end=\"276\">Le ministre des Affaires \u00e9trang\u00e8res du Kosovo, Glauk Konjufca, a salu\u00e9 la d\u00e9cision du Comit\u00e9 des r\u00e9gions de l\u2019Union europ\u00e9enne de supprimer la note de bas de page dans les documents li\u00e9s au Kosovo, en utilisant uniquement l\u2019appellation &#8220;Kosovo&#8221;, rapporte albinfo.ch.<\/p>\n<p data-start=\"278\" data-end=\"480\">Selon Konjufca, cette d\u00e9cision repr\u00e9sente une \u00e9tape importante vers plus de clart\u00e9 institutionnelle et un rapprochement avec l\u2019approche utilis\u00e9e par le Parlement europ\u00e9en dans ses documents officiels.<\/p>\n<p data-start=\"482\" data-end=\"662\">Il a exprim\u00e9 une reconnaissance particuli\u00e8re \u00e0 Gillian Coughlan, saluant son soutien au Kosovo et ses efforts pour faire avancer sa position au sein des institutions europ\u00e9ennes.<\/p>\n<p data-start=\"664\" data-end=\"911\">Selon lui, l\u2019utilisation du nom &#8220;Kosovo&#8221; sans note de bas de page dans les documents de cette institution de l\u2019Union europ\u00e9enne refl\u00e8te une approche plus claire et plus directe du statut du pays dans la communication institutionnelle europ\u00e9enne.<\/p>\n","protected":false},"excerpt":{"rendered":"<p>Glauk Konjufca salue la d\u00e9cision du Comit\u00e9 des r\u00e9gions de l\u2019Union europ\u00e9enne de supprimer la note de bas de page pour le Kosovo<\/p>\n","protected":false},"author":6,"featured_media":907830,"comment_status":"closed","ping_status":"closed","sticky":false,"template":"","format":"standard","meta":{"footnotes":""},"categories":[23271,1160,3949,23277,23270,1159],"tags":[],"vendi":[],"content_country":[],"class_list":["post-907972","post","type-post","status-publish","format-standard","has-post-thumbnail","hentry","category-kosovo","category-actuel","category-kosova-fr","category-news-fr","category-at-balkani-fr","category-ch-balkans"],"acf":[],"_links":{"self":[{"href":"https:\/\/www.albinfo.ch\/fr\/wp-json\/wp\/v2\/posts\/907972","targetHints":{"allow":["GET"]}}],"collection":[{"href":"https:\/\/www.albinfo.ch\/fr\/wp-json\/wp\/v2\/posts"}],"about":[{"href":"https:\/\/www.albinfo.ch\/fr\/wp-json\/wp\/v2\/types\/post"}],"author":[{"embeddable":true,"href":"https:\/\/www.albinfo.ch\/fr\/wp-json\/wp\/v2\/users\/6"}],"replies":[{"embeddable":true,"href":"https:\/\/www.albinfo.ch\/fr\/wp-json\/wp\/v2\/comments?post=907972"}],"version-history":[{"count":1,"href":"https:\/\/www.albinfo.ch\/fr\/wp-json\/wp\/v2\/posts\/907972\/revisions"}],"predecessor-version":[{"id":907973,"href":"https:\/\/www.albinfo.ch\/fr\/wp-json\/wp\/v2\/posts\/907972\/revisions\/907973"}],"wp:featuredmedia":[{"embeddable":true,"href":"https:\/\/www.albinfo.ch\/fr\/wp-json\/wp\/v2\/media\/907830"}],"wp:attachment":[{"href":"https:\/\/www.albinfo.ch\/fr\/wp-json\/wp\/v2\/media?parent=907972"}],"wp:term":[{"taxonomy":"category","embeddable":true,"href":"https:\/\/www.albinfo.ch\/fr\/wp-json\/wp\/v2\/categories?post=907972"},{"taxonomy":"post_tag","embeddable":true,"href":"https:\/\/www.albinfo.ch\/fr\/wp-json\/wp\/v2\/tags?post=907972"},{"taxonomy":"vendi","embeddable":true,"href":"https:\/\/www.albinfo.ch\/fr\/wp-json\/wp\/v2\/vendi?post=907972"},{"taxonomy":"content_country","embeddable":true,"href":"https:\/\/www.albinfo.ch\/fr\/wp-json\/wp\/v2\/content_country?post=907972"}],"curies":[{"name":"wp","href":"https:\/\/api.w.org\/{rel}","templated":true}]}}