{"id":908116,"date":"2026-03-14T10:18:46","date_gmt":"2026-03-14T09:18:46","guid":{"rendered":"https:\/\/www.albinfo.ch\/?p=908116"},"modified":"2026-03-14T20:24:31","modified_gmt":"2026-03-14T19:24:31","slug":"arian-gashi-est-elu-president-du-conseil-procureurial-du-kosovo","status":"publish","type":"post","link":"https:\/\/www.albinfo.ch\/fr\/arian-gashi-est-elu-president-du-conseil-procureurial-du-kosovo\/","title":{"rendered":"Arian Gashi est \u00e9lu pr\u00e9sident du Conseil procureurial du Kosovo"},"content":{"rendered":"<p data-start=\"8\" data-end=\"97\">Arian Gashi a \u00e9t\u00e9 \u00e9lu pr\u00e9sident du Conseil procureurial du Kosovo, rapporte albinfo.ch.<\/p>\n<p data-start=\"99\" data-end=\"480\">En pr\u00e9sentant ses priorit\u00e9s, Gashi a d\u00e9clar\u00e9 qu\u2019il s\u2019engagera d\u2019abord \u00e0 renforcer la coop\u00e9ration avec les membres du Conseil ainsi qu\u2019avec le procureur g\u00e9n\u00e9ral par int\u00e9rim. Selon lui, le risque d\u2019atteinte aux principes fondamentaux a \u00e9t\u00e9 \u00e9lev\u00e9, c\u2019est pourquoi son travail se concentrera sur la protection de ces principes et non sur la d\u00e9fense d\u2019int\u00e9r\u00eats de groupes particuliers.<\/p>\n<p data-start=\"482\" data-end=\"699\">Il a \u00e9galement promis d\u2019accro\u00eetre la transparence et d\u2019ouvrir davantage l\u2019institution aux m\u00e9dias, en affirmant que le Conseil procureurial ne doit pas se barricader, comme cela s\u2019est produit selon lui dans le pass\u00e9.<\/p>\n<p data-start=\"701\" data-end=\"869\">Il a ajout\u00e9 que durant son mandat, il s\u2019engagera \u00e0 ce que le travail du Conseil soit guid\u00e9 par les garanties constitutionnelles, avec un traitement \u00e9gal et impartial.<\/p>\n<p data-start=\"871\" data-end=\"963\">Le Conseil procureurial du Kosovo a \u00e9galement \u00e9lu Dardan Vuniqi vice pr\u00e9sident du Conseil.<\/p>\n<p data-start=\"965\" data-end=\"1211\">La pr\u00e9sidente de l\u2019Assembl\u00e9e, Albulena Haxhiu, a d\u00e9clar\u00e9 que l\u2019\u00e9lection du pr\u00e9sident et du vice pr\u00e9sident constitue une \u00e9tape importante dans la mise en \u0153uvre des derni\u00e8res modifications l\u00e9gales et dans l\u2019avancement de la r\u00e9forme de la justice.<\/p>\n<p data-start=\"1213\" data-end=\"1672\">&#8221; Je salue la r\u00e9union tenue du Conseil procureurial, lors de laquelle ont \u00e9t\u00e9 \u00e9lus le pr\u00e9sident et le vice pr\u00e9sident, une \u00e9tape importante dans l\u2019application des r\u00e9cents changements l\u00e9gislatifs et dans l\u2019avancement de la r\u00e9forme de la justice. Ce processus marque une nouvelle phase pour le Conseil procureurial et d\u00e9montre l\u2019engagement de nos institutions envers un syst\u00e8me judiciaire ind\u00e9pendant, transparent et responsable &#8220;, a \u00e9crit Haxhiu sur Facebook.<\/p>\n","protected":false},"excerpt":{"rendered":"<p>Haxhiu: L\u2019\u00e9lection de Gashi est une \u00e9tape importante dans l\u2019avancement de la r\u00e9forme de la justice<\/p>\n","protected":false},"author":6,"featured_media":907837,"comment_status":"closed","ping_status":"closed","sticky":false,"template":"","format":"standard","meta":{"footnotes":""},"categories":[23271,3949,23277,23270,1159],"tags":[],"vendi":[],"content_country":[],"class_list":["post-908116","post","type-post","status-publish","format-standard","has-post-thumbnail","hentry","category-kosovo","category-kosova-fr","category-news-fr","category-at-balkani-fr","category-ch-balkans"],"acf":[],"_links":{"self":[{"href":"https:\/\/www.albinfo.ch\/fr\/wp-json\/wp\/v2\/posts\/908116","targetHints":{"allow":["GET"]}}],"collection":[{"href":"https:\/\/www.albinfo.ch\/fr\/wp-json\/wp\/v2\/posts"}],"about":[{"href":"https:\/\/www.albinfo.ch\/fr\/wp-json\/wp\/v2\/types\/post"}],"author":[{"embeddable":true,"href":"https:\/\/www.albinfo.ch\/fr\/wp-json\/wp\/v2\/users\/6"}],"replies":[{"embeddable":true,"href":"https:\/\/www.albinfo.ch\/fr\/wp-json\/wp\/v2\/comments?post=908116"}],"version-history":[{"count":1,"href":"https:\/\/www.albinfo.ch\/fr\/wp-json\/wp\/v2\/posts\/908116\/revisions"}],"predecessor-version":[{"id":908118,"href":"https:\/\/www.albinfo.ch\/fr\/wp-json\/wp\/v2\/posts\/908116\/revisions\/908118"}],"wp:featuredmedia":[{"embeddable":true,"href":"https:\/\/www.albinfo.ch\/fr\/wp-json\/wp\/v2\/media\/907837"}],"wp:attachment":[{"href":"https:\/\/www.albinfo.ch\/fr\/wp-json\/wp\/v2\/media?parent=908116"}],"wp:term":[{"taxonomy":"category","embeddable":true,"href":"https:\/\/www.albinfo.ch\/fr\/wp-json\/wp\/v2\/categories?post=908116"},{"taxonomy":"post_tag","embeddable":true,"href":"https:\/\/www.albinfo.ch\/fr\/wp-json\/wp\/v2\/tags?post=908116"},{"taxonomy":"vendi","embeddable":true,"href":"https:\/\/www.albinfo.ch\/fr\/wp-json\/wp\/v2\/vendi?post=908116"},{"taxonomy":"content_country","embeddable":true,"href":"https:\/\/www.albinfo.ch\/fr\/wp-json\/wp\/v2\/content_country?post=908116"}],"curies":[{"name":"wp","href":"https:\/\/api.w.org\/{rel}","templated":true}]}}