{"id":908163,"date":"2026-03-14T13:18:30","date_gmt":"2026-03-14T12:18:30","guid":{"rendered":"https:\/\/www.albinfo.ch\/?p=908163"},"modified":"2026-03-15T01:27:11","modified_gmt":"2026-03-15T00:27:11","slug":"lecole-albanaise-iliriada-en-belgique-honoree-pour-sa-contribution-a-la-preservation-de-la-langue-et-de-la-culture-albanaises","status":"publish","type":"post","link":"https:\/\/www.albinfo.ch\/fr\/lecole-albanaise-iliriada-en-belgique-honoree-pour-sa-contribution-a-la-preservation-de-la-langue-et-de-la-culture-albanaises\/","title":{"rendered":"L\u2019\u00e9cole albanaise &#8220;Iliriada&#8221; en Belgique honor\u00e9e pour sa contribution \u00e0 la pr\u00e9servation de la langue et de la culture albanaises"},"content":{"rendered":"<p data-start=\"8\" data-end=\"301\">L\u2019Ambassade de la R\u00e9publique d\u2019Albanie \u00e0 Bruxelles a organis\u00e9 la c\u00e9r\u00e9monie de remise de reconnaissances pour la contribution des \u00e9coles albanaises en Belgique et au Luxembourg \u00e0 la pr\u00e9servation et \u00e0 la promotion de la langue et de la culture albanaises dans la diaspora, rapporte albinfo.ch.<\/p>\n<p data-start=\"303\" data-end=\"650\">\u00c0 cette activit\u00e9 ont particip\u00e9 Ferit Hoxha, ministre pour l\u2019Europe et les Affaires \u00e9trang\u00e8res de l\u2019Albanie, l\u2019ambassadeur du Kosovo \u00e0 Bruxelles, Agron Bajrami, ainsi que l\u2019ambassadeur de la mission de la Mac\u00e9doine du Nord aupr\u00e8s de l\u2019Union europ\u00e9enne, Zulfi Ismaili. La c\u00e9r\u00e9monie s\u2019est d\u00e9roul\u00e9e sur invitation de l\u2019ambassadrice Albana Dautllari.<\/p>\n<p data-start=\"652\" data-end=\"957\">Au cours de la c\u00e9r\u00e9monie, les \u00e9coles albanaises &#8220;Iliriada&#8221; \u00e0 Anvers et \u00e0 Sint Niklaas ont \u00e9t\u00e9 honor\u00e9es par des reconnaissances pour leur contribution \u00e0 la pr\u00e9servation et \u00e0 la promotion de la langue albanaise, de la culture et de l\u2019identit\u00e9 nationale aupr\u00e8s des enfants albanais vivant dans la diaspora.<\/p>\n<p data-start=\"959\" data-end=\"1213\">Toute l\u2019\u00e9quipe p\u00e9dagogique des \u00e9coles &#8220;Iliriada&#8221; a \u00e9galement particip\u00e9 \u00e0 cette c\u00e9r\u00e9monie. Depuis des ann\u00e9es, elle contribue \u00e0 l\u2019\u00e9ducation et \u00e0 la pr\u00e9servation de la langue maternelle aupr\u00e8s des jeunes g\u00e9n\u00e9rations de la communaut\u00e9 albanaise en Belgique. \/Albinfo.ch<\/p>\n","protected":false},"excerpt":{"rendered":"<p>La c\u00e9r\u00e9monie de reconnaissance a \u00e9t\u00e9 organis\u00e9e par l\u2019Ambassade de la R\u00e9publique d\u2019Albanie \u00e0 Bruxelles, avec la participation de repr\u00e9sentants diplomatiques de la r\u00e9gion.<\/p>\n","protected":false},"author":6,"featured_media":908002,"comment_status":"closed","ping_status":"closed","sticky":false,"template":"","format":"standard","meta":{"footnotes":""},"categories":[24637,1166,24630,1163],"tags":[],"vendi":[],"content_country":[],"class_list":["post-908163","post","type-post","status-publish","format-standard","has-post-thumbnail","hentry","category-nouvelles-fr-4","category-langues","category-nouvelles","category-fr-e-diaspora"],"acf":[],"_links":{"self":[{"href":"https:\/\/www.albinfo.ch\/fr\/wp-json\/wp\/v2\/posts\/908163","targetHints":{"allow":["GET"]}}],"collection":[{"href":"https:\/\/www.albinfo.ch\/fr\/wp-json\/wp\/v2\/posts"}],"about":[{"href":"https:\/\/www.albinfo.ch\/fr\/wp-json\/wp\/v2\/types\/post"}],"author":[{"embeddable":true,"href":"https:\/\/www.albinfo.ch\/fr\/wp-json\/wp\/v2\/users\/6"}],"replies":[{"embeddable":true,"href":"https:\/\/www.albinfo.ch\/fr\/wp-json\/wp\/v2\/comments?post=908163"}],"version-history":[{"count":1,"href":"https:\/\/www.albinfo.ch\/fr\/wp-json\/wp\/v2\/posts\/908163\/revisions"}],"predecessor-version":[{"id":908164,"href":"https:\/\/www.albinfo.ch\/fr\/wp-json\/wp\/v2\/posts\/908163\/revisions\/908164"}],"wp:featuredmedia":[{"embeddable":true,"href":"https:\/\/www.albinfo.ch\/fr\/wp-json\/wp\/v2\/media\/908002"}],"wp:attachment":[{"href":"https:\/\/www.albinfo.ch\/fr\/wp-json\/wp\/v2\/media?parent=908163"}],"wp:term":[{"taxonomy":"category","embeddable":true,"href":"https:\/\/www.albinfo.ch\/fr\/wp-json\/wp\/v2\/categories?post=908163"},{"taxonomy":"post_tag","embeddable":true,"href":"https:\/\/www.albinfo.ch\/fr\/wp-json\/wp\/v2\/tags?post=908163"},{"taxonomy":"vendi","embeddable":true,"href":"https:\/\/www.albinfo.ch\/fr\/wp-json\/wp\/v2\/vendi?post=908163"},{"taxonomy":"content_country","embeddable":true,"href":"https:\/\/www.albinfo.ch\/fr\/wp-json\/wp\/v2\/content_country?post=908163"}],"curies":[{"name":"wp","href":"https:\/\/api.w.org\/{rel}","templated":true}]}}