{"id":908169,"date":"2026-03-14T14:10:57","date_gmt":"2026-03-14T13:10:57","guid":{"rendered":"https:\/\/www.albinfo.ch\/?p=908169"},"modified":"2026-03-15T01:37:42","modified_gmt":"2026-03-15T00:37:42","slug":"the-guardian-le-voyage-dans-les-alpes-albanaises-lune-des-experiences-les-plus-authentiques-du-tourisme-de-montagne-en-europe","status":"publish","type":"post","link":"https:\/\/www.albinfo.ch\/fr\/the-guardian-le-voyage-dans-les-alpes-albanaises-lune-des-experiences-les-plus-authentiques-du-tourisme-de-montagne-en-europe\/","title":{"rendered":"The Guardian: Le voyage dans les Alpes albanaises, l\u2019une des exp\u00e9riences les plus authentiques du tourisme de montagne en Europe"},"content":{"rendered":"<p data-start=\"8\" data-end=\"359\">Une famille britannique ayant voyag\u00e9 dans les Balkans pour une aventure d\u2019une semaine en montagne a d\u00e9crit son exp\u00e9rience dans les Alpes albanaises comme l\u2019une des plus authentiques exp\u00e9riences de tourisme naturel en Europe. Leur voyage a \u00e9t\u00e9 racont\u00e9 par la journaliste Holly Tuppen dans un article publi\u00e9 dans le quotidien britannique The Guardian.<\/p>\n<p data-start=\"361\" data-end=\"589\">Selon l\u2019article, entre randonn\u00e9es en montagne, baignades dans les rivi\u00e8res et rencontres avec les bergers locaux, le voyage dans le nord de l\u2019Albanie offre une combinaison unique de nature pr\u00e9serv\u00e9e et de traditions anciennes.<\/p>\n<p data-start=\"591\" data-end=\"628\">L\u2019hospitalit\u00e9 albanaise en montagne<\/p>\n<p data-start=\"630\" data-end=\"926\">Dans un stan isol\u00e9 des montagnes du nord, une famille locale a accueilli les visiteurs dans une petite maison de montagne. Les enfants du village et les jeunes invit\u00e9s se sont rapidement li\u00e9s d\u2019amiti\u00e9 en jouant au jeu bien connu Uno, tandis qu\u2019une forte temp\u00eate de gr\u00eale \u00e9clatait \u00e0 l\u2019ext\u00e9rieur.<\/p>\n<p data-start=\"928\" data-end=\"1178\">Dans le petit espace du stan, qui servait \u00e0 la fois de cuisine, de salon et de v\u00e9randa, les visiteurs et la famille sont rest\u00e9s ensemble. Malgr\u00e9 la barri\u00e8re de la langue, l\u2019atmosph\u00e8re s\u2019est remplie de rires et d\u2019une communication simple et humaine.<\/p>\n<p data-start=\"1180\" data-end=\"1210\">D\u00e9couvrir la vie des bergers<\/p>\n<p data-start=\"1212\" data-end=\"1442\">L\u2019exp\u00e9rience est organis\u00e9e par le projet touristique communautaire &#8220;Shepherd\u2019s Way&#8221;, qui vise \u00e0 aider les bergers de la r\u00e9gion \u00e0 g\u00e9n\u00e9rer des revenus suppl\u00e9mentaires en partageant leur mode de vie traditionnel avec les visiteurs.<\/p>\n<p data-start=\"1444\" data-end=\"1664\">Selon les organisateurs, la transhumance saisonni\u00e8re des troupeaux vers les p\u00e2turages d\u2019\u00e9t\u00e9, une tradition encore pratiqu\u00e9e par les familles locales, est reconnue comme faisant partie du patrimoine mondial de l\u2019UNESCO.<\/p>\n<p data-start=\"1666\" data-end=\"1919\">Les visiteurs participent g\u00e9n\u00e9ralement \u00e0 des activit\u00e9s comme la garde et la traite des moutons, mais en raison du mauvais temps, cette journ\u00e9e s\u2019est d\u00e9roul\u00e9e en pr\u00e9parant du pain, en buvant du th\u00e9 de montagne et en discutant avec la famille d\u2019accueil.<\/p>\n<p data-start=\"1921\" data-end=\"1956\">Randonn\u00e9e dans les sommets alpins<\/p>\n<p data-start=\"1958\" data-end=\"2165\">L\u2019une des principales randonn\u00e9es commence dans le village de L\u00ebpush\u00eb et suit un sentier \u00e0 travers les for\u00eats de h\u00eatres et les prairies alpines jusqu\u2019au sommet de Maja e Vajush\u00ebs, \u00e0 1 859 m\u00e8tres d\u2019altitude.<\/p>\n<p data-start=\"2167\" data-end=\"2377\">Lors de la descente, les visiteurs se sont arr\u00eat\u00e9s dans un stan pour go\u00fbter du yaourt frais et cueillir des myrtilles sauvages, tandis que dans le village ils ont achet\u00e9 du miel aupr\u00e8s des apiculteurs locaux.<\/p>\n<p data-start=\"2379\" data-end=\"2583\">Les organisateurs soulignent que la r\u00e9partition des touristes en dehors du sentier principal des Alpes aide \u00e0 r\u00e9duire la surfr\u00e9quentation et cr\u00e9e des revenus pour les villages de montagne comme L\u00ebpush\u00eb.<\/p>\n<p data-start=\"2585\" data-end=\"2622\">Theth, le c\u0153ur des Alpes albanaises<\/p>\n<p data-start=\"2624\" data-end=\"2853\">Un autre arr\u00eat important est la vall\u00e9e de Theth, consid\u00e9r\u00e9e comme le c\u0153ur des Alpes albanaises. La descente vers le village offre des vues spectaculaires avec des for\u00eats de pins, des falaises abruptes et des grottes naturelles.<\/p>\n<p data-start=\"2855\" data-end=\"3063\">Les visiteurs ont s\u00e9journ\u00e9 dans une tour traditionnelle de plus de 200 ans, transform\u00e9e en maison d\u2019h\u00f4tes familiale, o\u00f9 le d\u00eener comprenait des produits faits maison et une atmosph\u00e8re typique des montagnes.<\/p>\n<p data-start=\"3065\" data-end=\"3279\">Le voyage s\u2019est poursuivi avec des arr\u00eats dans certains des sites naturels les plus connus de la r\u00e9gion, comme les bassins de Nderlys\u00eb et le Blue Eye de Kaprre, o\u00f9 les visiteurs ont profit\u00e9 des eaux cristallines.<\/p>\n<p data-start=\"3281\" data-end=\"3501\">Selon l\u2019article de The Guardian, m\u00eame si les villes albanaises changent rapidement, l\u2019exp\u00e9rience dans les montagnes du nord reste l\u2019une des fa\u00e7ons les plus authentiques de d\u00e9couvrir la nature et les traditions du pays.<\/p>\n","protected":false},"excerpt":{"rendered":"<p>La journaliste Holly Tuppen d\u00e9crit l\u2019hospitalit\u00e9, la nature pr\u00e9serv\u00e9e et la vie traditionnelle des bergers dans le nord de l\u2019Albanie.<\/p>\n","protected":false},"author":6,"featured_media":908015,"comment_status":"closed","ping_status":"closed","sticky":false,"template":"","format":"standard","meta":{"footnotes":""},"categories":[34934,3944,24630],"tags":[],"vendi":[],"content_country":[],"class_list":["post-908169","post","type-post","status-publish","format-standard","has-post-thumbnail","hentry","category-shqiperia-4","category-turizmi-fr","category-nouvelles"],"acf":[],"_links":{"self":[{"href":"https:\/\/www.albinfo.ch\/fr\/wp-json\/wp\/v2\/posts\/908169","targetHints":{"allow":["GET"]}}],"collection":[{"href":"https:\/\/www.albinfo.ch\/fr\/wp-json\/wp\/v2\/posts"}],"about":[{"href":"https:\/\/www.albinfo.ch\/fr\/wp-json\/wp\/v2\/types\/post"}],"author":[{"embeddable":true,"href":"https:\/\/www.albinfo.ch\/fr\/wp-json\/wp\/v2\/users\/6"}],"replies":[{"embeddable":true,"href":"https:\/\/www.albinfo.ch\/fr\/wp-json\/wp\/v2\/comments?post=908169"}],"version-history":[{"count":2,"href":"https:\/\/www.albinfo.ch\/fr\/wp-json\/wp\/v2\/posts\/908169\/revisions"}],"predecessor-version":[{"id":908171,"href":"https:\/\/www.albinfo.ch\/fr\/wp-json\/wp\/v2\/posts\/908169\/revisions\/908171"}],"wp:featuredmedia":[{"embeddable":true,"href":"https:\/\/www.albinfo.ch\/fr\/wp-json\/wp\/v2\/media\/908015"}],"wp:attachment":[{"href":"https:\/\/www.albinfo.ch\/fr\/wp-json\/wp\/v2\/media?parent=908169"}],"wp:term":[{"taxonomy":"category","embeddable":true,"href":"https:\/\/www.albinfo.ch\/fr\/wp-json\/wp\/v2\/categories?post=908169"},{"taxonomy":"post_tag","embeddable":true,"href":"https:\/\/www.albinfo.ch\/fr\/wp-json\/wp\/v2\/tags?post=908169"},{"taxonomy":"vendi","embeddable":true,"href":"https:\/\/www.albinfo.ch\/fr\/wp-json\/wp\/v2\/vendi?post=908169"},{"taxonomy":"content_country","embeddable":true,"href":"https:\/\/www.albinfo.ch\/fr\/wp-json\/wp\/v2\/content_country?post=908169"}],"curies":[{"name":"wp","href":"https:\/\/api.w.org\/{rel}","templated":true}]}}