{"id":908327,"date":"2026-03-15T09:14:04","date_gmt":"2026-03-15T08:14:04","guid":{"rendered":"https:\/\/www.albinfo.ch\/?p=908327"},"modified":"2026-03-15T17:19:15","modified_gmt":"2026-03-15T16:19:15","slug":"de-la-famille-au-service-de-la-ville-le-couple-albanais-elu-au-conseil-communal-dyverdon-les-bains","status":"publish","type":"post","link":"https:\/\/www.albinfo.ch\/fr\/de-la-famille-au-service-de-la-ville-le-couple-albanais-elu-au-conseil-communal-dyverdon-les-bains\/","title":{"rendered":"De la famille au service de la ville: le couple albanais \u00e9lu au Conseil communal d\u2019Yverdon les Bains"},"content":{"rendered":"<p data-start=\"8\" data-end=\"266\">L\u2019engagement des Albanais dans la vie publique en Suisse continue de se renforcer \u00e9galement au niveau local. Un nouvel exemple vient de la ville d\u2019Yverdon les Bains, o\u00f9 le couple Nexhmije Bruti et Taulant Bruti a \u00e9t\u00e9 \u00e9lu au Conseil communal de cette ville.<\/p>\n<p data-start=\"268\" data-end=\"573\">Tous deux ont candidat\u00e9 sous les couleurs du Parti socialiste et ont obtenu la confiance des citoyens pour repr\u00e9senter leurs int\u00e9r\u00eats dans cette institution locale. Leur \u00e9lection est particuli\u00e8rement symbolique, puisqu\u2019il s\u2019agit d\u2019un couple qui contribuera ensemble aux d\u00e9cisions communales de la ville.<\/p>\n<p data-start=\"575\" data-end=\"889\">Pour Nexhmije et Taulant Bruti, ce mandat repr\u00e9sente une grande responsabilit\u00e9 et une occasion de contribuer au d\u00e9veloppement de la ville o\u00f9 ils vivent et travaillent depuis des ann\u00e9es. Ils se disent motiv\u00e9s \u00e0 \u0153uvrer au service des citoyens et \u00e0 soutenir des initiatives qui am\u00e9liorent la vie dans la communaut\u00e9.<\/p>\n<p data-start=\"891\" data-end=\"1378\">Yverdon les Bains, situ\u00e9 dans le canton de Vaud, est l\u2019une des villes les plus importantes de la r\u00e9gion du Jura et du lac de Neuch\u00e2tel. La ville est connue pour son histoire ancienne, qui remonte \u00e0 l\u2019\u00e9poque romaine, ainsi que pour ses sources thermales qui en ont fait une destination reconnue pour le thermalisme et le tourisme en Suisse. Avec une longue tradition dans l\u2019\u00e9ducation, la culture et l\u2019innovation, Yverdon les Bains est aujourd\u2019hui une ville dynamique et multiculturelle.<\/p>\n<p data-start=\"1380\" data-end=\"1633\">L\u2019\u00e9lection de deux repr\u00e9sentants d\u2019origine albanaise au Conseil communal de cette ville refl\u00e8te aussi la diversit\u00e9 croissante de la soci\u00e9t\u00e9 suisse et le r\u00f4le de plus en plus important de la diaspora albanaise dans la vie politique et publique du pays.<\/p>\n","protected":false},"excerpt":{"rendered":"<p>L\u2019engagement des Albanais dans la vie publique en Suisse continue de se renforcer \u00e9galement au niveau local. Un nouvel exemple vient de la ville d\u2019Yverdon les Bains, o\u00f9 le couple Nexhmije Bruti et Taulant Bruti a \u00e9t\u00e9 \u00e9lu au Conseil communal de cette ville. Tous deux ont candidat\u00e9 sous les couleurs du Parti socialiste et [&hellip;]<\/p>\n","protected":false},"author":6,"featured_media":908032,"comment_status":"closed","ping_status":"closed","sticky":false,"template":"","format":"standard","meta":{"footnotes":""},"categories":[24637,1164,18826,1163,1170],"tags":[],"vendi":[],"content_country":[],"class_list":["post-908327","post","type-post","status-publish","format-standard","has-post-thumbnail","hentry","category-nouvelles-fr-4","category-integration-fr","category-lajme-jeta-ne-zvicer-fr","category-fr-e-diaspora","category-vivre-en-suisse"],"acf":[],"_links":{"self":[{"href":"https:\/\/www.albinfo.ch\/fr\/wp-json\/wp\/v2\/posts\/908327","targetHints":{"allow":["GET"]}}],"collection":[{"href":"https:\/\/www.albinfo.ch\/fr\/wp-json\/wp\/v2\/posts"}],"about":[{"href":"https:\/\/www.albinfo.ch\/fr\/wp-json\/wp\/v2\/types\/post"}],"author":[{"embeddable":true,"href":"https:\/\/www.albinfo.ch\/fr\/wp-json\/wp\/v2\/users\/6"}],"replies":[{"embeddable":true,"href":"https:\/\/www.albinfo.ch\/fr\/wp-json\/wp\/v2\/comments?post=908327"}],"version-history":[{"count":1,"href":"https:\/\/www.albinfo.ch\/fr\/wp-json\/wp\/v2\/posts\/908327\/revisions"}],"predecessor-version":[{"id":908328,"href":"https:\/\/www.albinfo.ch\/fr\/wp-json\/wp\/v2\/posts\/908327\/revisions\/908328"}],"wp:featuredmedia":[{"embeddable":true,"href":"https:\/\/www.albinfo.ch\/fr\/wp-json\/wp\/v2\/media\/908032"}],"wp:attachment":[{"href":"https:\/\/www.albinfo.ch\/fr\/wp-json\/wp\/v2\/media?parent=908327"}],"wp:term":[{"taxonomy":"category","embeddable":true,"href":"https:\/\/www.albinfo.ch\/fr\/wp-json\/wp\/v2\/categories?post=908327"},{"taxonomy":"post_tag","embeddable":true,"href":"https:\/\/www.albinfo.ch\/fr\/wp-json\/wp\/v2\/tags?post=908327"},{"taxonomy":"vendi","embeddable":true,"href":"https:\/\/www.albinfo.ch\/fr\/wp-json\/wp\/v2\/vendi?post=908327"},{"taxonomy":"content_country","embeddable":true,"href":"https:\/\/www.albinfo.ch\/fr\/wp-json\/wp\/v2\/content_country?post=908327"}],"curies":[{"name":"wp","href":"https:\/\/api.w.org\/{rel}","templated":true}]}}