{"id":908540,"date":"2026-03-15T10:16:19","date_gmt":"2026-03-15T09:16:19","guid":{"rendered":"https:\/\/www.albinfo.ch\/?p=908540"},"modified":"2026-03-16T00:36:14","modified_gmt":"2026-03-15T23:36:14","slug":"aujourdhui-a-berne-se-tient-la-couronne-de-la-liberte-dediee-au-sacrifice-des-martyrs","status":"publish","type":"post","link":"https:\/\/www.albinfo.ch\/fr\/aujourdhui-a-berne-se-tient-la-couronne-de-la-liberte-dediee-au-sacrifice-des-martyrs\/","title":{"rendered":"Aujourd\u2019hui \u00e0 Berne se tient \u201cLa Couronne de la Libert\u00e9\u201d, d\u00e9di\u00e9e au sacrifice des martyrs"},"content":{"rendered":"<p data-start=\"8\" data-end=\"259\">Aujourd\u2019hui, le 14 mars, \u00e0 la Kursaal Arena \u00e0 Berne se tient la manifestation comm\u00e9morative avec programme artistique &#8220;La Couronne de la Libert\u00e9&#8221;, qui rassemble la diaspora albanaise lors d\u2019un \u00e9v\u00e9nement sp\u00e9cial consacr\u00e9 \u00e0 la culture et \u00e0 la m\u00e9moire nationale.<\/p>\n<p data-start=\"261\" data-end=\"555\">La manifestation est organis\u00e9e par le Conseil des associations culturelles albanaises en Suisse en hommage au sacrifice sacr\u00e9 de la famille Jashari et de tous les martyrs tomb\u00e9s pour la libert\u00e9 du Kosovo. Elle vise \u00e9galement \u00e0 renforcer le lien entre les g\u00e9n\u00e9rations de la diaspora albanaise.<\/p>\n<p data-start=\"557\" data-end=\"936\">Dans le cadre de cette manifestation, \u00e0 13h00 aura lieu l\u2019ouverture officielle de l\u2019exposition photographique, qui \u00e0 travers des images rappelle la m\u00e9moire de Prekaz et le sacrifice de la famille Jashari, offrant un moment de r\u00e9flexion et d\u2019hommage \u00e0 l\u2019histoire et aux valeurs de la libert\u00e9. &#8220;Prekazi amour, douleur et fiert\u00e9 nationale&#8221; est une \u0153uvre de l\u2019auteur Sefer Ali\u00e7kaj.<\/p>\n<p data-start=\"938\" data-end=\"1241\">La partie solennelle de &#8220;La Couronne de la Libert\u00e9&#8221;, qui commence \u00e0 15h00, sera honor\u00e9e par la pr\u00e9sence d\u2019universitaires, de repr\u00e9sentants des autorit\u00e9s politiques de la R\u00e9publique du Kosovo, de la Suisse, ainsi que de membres de la famille du commandant embl\u00e9matique Adem Jashari, sp\u00e9cialement venus de Prekaz.<\/p>\n<p data-start=\"1243\" data-end=\"1613\">Le programme artistique de la manifestation est tr\u00e8s riche et mettra sur sc\u00e8ne des chants, des danses et des interpr\u00e9tations instrumentales d\u2019artistes et d\u2019ensembles albanais actifs en Suisse. Dans la premi\u00e8re partie se produiront Lahutari, Albakult, Vatra, SHKA Dardania, SHKA Ilir\u00ebt, le ch\u0153ur Lyra, SHKSH &#8220;Bashkimi&#8221; Bern, l\u2019ensemble &#8220;Trojet&#8221; et le ch\u0153ur &#8220;Lulekuqet&#8221;.<\/p>\n<p data-start=\"1615\" data-end=\"1908\">Un moment particulier sera la danse contemporaine combin\u00e9e avec la musique traditionnelle albanaise, interpr\u00e9t\u00e9e par Adora Hiler de l\u2019association \u201cDora d\u2019Istria\u201d \u00e0 Gen\u00e8ve et Tara Avdullahu de SHKSH &#8220;Bashkimi&#8221; Bern, cr\u00e9ant une fusion artistique entre tradition et expression sc\u00e9nique moderne.<\/p>\n<p data-start=\"1910\" data-end=\"2221\">Dans la partie consacr\u00e9e aux danses traditionnelles se produiront Ansambli i Valleve Vatra, Ansambli Arb\u00ebresha, SHKA Teuta, Shoqata e M\u00ebrgimtar\u00ebve Shqiptar\u00eb Atdheu, SHKA Dardania, Ansambli Shqiponja, SHKA Ilir\u00ebt et SHKSH Atdheu Thun, apportant sur sc\u00e8ne un large \u00e9ventail de danses traditionnelles albanaises.<\/p>\n<p data-start=\"2223\" data-end=\"2450\">La participation des artistes de la diaspora se terminera par un moment d\u2019hommage et une interpr\u00e9tation instrumentale du groupe ArtBand, tandis que le programme sera pr\u00e9sent\u00e9 par Vjosa Beqiri RTK et Dan Morina Studio Aktrimi.<\/p>\n<p data-start=\"2452\" data-end=\"2655\">Le point culminant de &#8220;La Couronne de la Libert\u00e9&#8221; sera la performance artistique des stars de l\u2019Ensemble national des chants et danses \u201cShota\u201d du Kosovo, sous la direction du directeur artistique Ylber Asllanaj.<\/p>\n<p data-start=\"2657\" data-end=\"3022\">Les organisateurs invitent tous les compatriotes et les amis de la culture albanaise \u00e0 participer \u00e0 cette manifestation sp\u00e9ciale. Par l\u2019art, la musique et la tradition, &#8220;La Couronne de la Libert\u00e9&#8221; transmet un message fort de m\u00e9moire, de reconnaissance et d\u2019unit\u00e9 nationale, faisant de cet \u00e9v\u00e9nement un moment important de rassemblement pour la diaspora albanaise en Suisse.<\/p>\n<p data-start=\"3024\" data-end=\"3163\">Au nom du Conseil organisateur des associations culturelles albanaises en Suisse,<br data-start=\"3105\" data-end=\"3108\" \/>Mirishahe Limani Hiler, coordinatrice et responsable.<\/p>\n<p data-start=\"3165\" data-end=\"3319\">&#8220;La Couronne de la Libert\u00e9&#8221; est votre manifestation, qui honore avec profonde humilit\u00e9 les 64 martyrs du Prekaz historique, lieu de p\u00e8lerinage du peuple albanais.<\/p>\n<p data-start=\"3321\" data-end=\"3334\">Bienvenue!<\/p>\n","protected":false},"excerpt":{"rendered":"<p>La manifestation est organis\u00e9e par le Conseil des associations culturelles albanaises en Suisse en hommage au sacrifice sacr\u00e9 de la famille Jashari et des autres martyrs<\/p>\n","protected":false},"author":6,"featured_media":908077,"comment_status":"closed","ping_status":"closed","sticky":false,"template":"","format":"standard","meta":{"footnotes":""},"categories":[34917,24637,24668,1163,1168],"tags":[],"vendi":[],"content_country":[],"class_list":["post-908540","post","type-post","status-publish","format-standard","has-post-thumbnail","hentry","category-autres-fr-5","category-nouvelles-fr-4","category-exposition","category-fr-e-diaspora","category-culture"],"acf":[],"_links":{"self":[{"href":"https:\/\/www.albinfo.ch\/fr\/wp-json\/wp\/v2\/posts\/908540","targetHints":{"allow":["GET"]}}],"collection":[{"href":"https:\/\/www.albinfo.ch\/fr\/wp-json\/wp\/v2\/posts"}],"about":[{"href":"https:\/\/www.albinfo.ch\/fr\/wp-json\/wp\/v2\/types\/post"}],"author":[{"embeddable":true,"href":"https:\/\/www.albinfo.ch\/fr\/wp-json\/wp\/v2\/users\/6"}],"replies":[{"embeddable":true,"href":"https:\/\/www.albinfo.ch\/fr\/wp-json\/wp\/v2\/comments?post=908540"}],"version-history":[{"count":1,"href":"https:\/\/www.albinfo.ch\/fr\/wp-json\/wp\/v2\/posts\/908540\/revisions"}],"predecessor-version":[{"id":908541,"href":"https:\/\/www.albinfo.ch\/fr\/wp-json\/wp\/v2\/posts\/908540\/revisions\/908541"}],"wp:featuredmedia":[{"embeddable":true,"href":"https:\/\/www.albinfo.ch\/fr\/wp-json\/wp\/v2\/media\/908077"}],"wp:attachment":[{"href":"https:\/\/www.albinfo.ch\/fr\/wp-json\/wp\/v2\/media?parent=908540"}],"wp:term":[{"taxonomy":"category","embeddable":true,"href":"https:\/\/www.albinfo.ch\/fr\/wp-json\/wp\/v2\/categories?post=908540"},{"taxonomy":"post_tag","embeddable":true,"href":"https:\/\/www.albinfo.ch\/fr\/wp-json\/wp\/v2\/tags?post=908540"},{"taxonomy":"vendi","embeddable":true,"href":"https:\/\/www.albinfo.ch\/fr\/wp-json\/wp\/v2\/vendi?post=908540"},{"taxonomy":"content_country","embeddable":true,"href":"https:\/\/www.albinfo.ch\/fr\/wp-json\/wp\/v2\/content_country?post=908540"}],"curies":[{"name":"wp","href":"https:\/\/api.w.org\/{rel}","templated":true}]}}