{"id":908549,"date":"2026-03-15T11:15:28","date_gmt":"2026-03-15T10:15:28","guid":{"rendered":"https:\/\/www.albinfo.ch\/?p=908549"},"modified":"2026-03-16T00:49:35","modified_gmt":"2026-03-15T23:49:35","slug":"les-albanais-remportent-quatre-sieges-aux-elections-communales-a-opfikon","status":"publish","type":"post","link":"https:\/\/www.albinfo.ch\/fr\/les-albanais-remportent-quatre-sieges-aux-elections-communales-a-opfikon\/","title":{"rendered":"Les Albanais remportent quatre si\u00e8ges aux \u00e9lections communales \u00e0 Opfikon"},"content":{"rendered":"<p data-start=\"8\" data-end=\"204\">Le 8 mars 2026 ont eu lieu les \u00e9lections communales \u00e0 Opfikon Glattbrugg Glattpark, o\u00f9 les citoyens ont vot\u00e9 pour les repr\u00e9sentants qui dirigeront la commune durant les quatre prochaines ann\u00e9es.<\/p>\n<p data-start=\"206\" data-end=\"322\">Selon les r\u00e9sultats publi\u00e9s, quatre candidats issus de la communaut\u00e9 albanaise ont \u00e9t\u00e9 \u00e9lus lors de ces \u00e9lections.<\/p>\n<p data-start=\"324\" data-end=\"372\">Au Conseil communal Gemeinderat ont \u00e9t\u00e9 \u00e9lus :<\/p>\n<p data-start=\"374\" data-end=\"504\">H\u00ebna Sadriu des Verts<br data-start=\"395\" data-end=\"398\" \/>Ibrahim Zahiri du Gemeindeverein Opfikon Glattbrugg<br data-start=\"449\" data-end=\"452\" \/>Fatmir Zahiri du Gemeindeverein Opfikon Glattbrugg<\/p>\n<p data-start=\"506\" data-end=\"551\">Au Schulpflege Conseil scolaire a \u00e9t\u00e9 \u00e9lu :<\/p>\n<p data-start=\"553\" data-end=\"577\">Shaban Haliti du PS SP<\/p>\n<p data-start=\"579\" data-end=\"709\">Les \u00e9lections communales \u00e0 Opfikon d\u00e9terminent la composition des institutions communales pour le prochain mandat de quatre ans.<\/p>\n<p data-start=\"711\" data-end=\"1094\">Opfikon est une commune du canton de Zurich, compos\u00e9e des zones Opfikon, Glattbrugg et Glattpark. La commune compte environ 22 mille habitants et se situe pr\u00e8s de l\u2019a\u00e9roport de Zurich, \u00e9tant consid\u00e9r\u00e9e comme l\u2019une des zones \u00e9conomiques et urbaines importantes de la r\u00e9gion de Zurich. Les institutions communales sont \u00e9lues lors des \u00e9lections locales organis\u00e9es tous les quatre ans.<\/p>\n","protected":false},"excerpt":{"rendered":"<p>Le 8 mars 2026 ont eu lieu les \u00e9lections communales \u00e0 Opfikon Glattbrugg Glattpark, o\u00f9 les citoyens ont vot\u00e9 pour les repr\u00e9sentants qui dirigeront la commune durant les quatre prochaines ann\u00e9es. Selon les r\u00e9sultats publi\u00e9s, quatre candidats issus de la communaut\u00e9 albanaise ont \u00e9t\u00e9 \u00e9lus lors de ces \u00e9lections. Au Conseil communal Gemeinderat ont \u00e9t\u00e9 [&hellip;]<\/p>\n","protected":false},"author":6,"featured_media":908057,"comment_status":"closed","ping_status":"closed","sticky":false,"template":"","format":"standard","meta":{"footnotes":""},"categories":[24637,1164,18826,1163,1170],"tags":[],"vendi":[],"content_country":[],"class_list":["post-908549","post","type-post","status-publish","format-standard","has-post-thumbnail","hentry","category-nouvelles-fr-4","category-integration-fr","category-lajme-jeta-ne-zvicer-fr","category-fr-e-diaspora","category-vivre-en-suisse"],"acf":[],"_links":{"self":[{"href":"https:\/\/www.albinfo.ch\/fr\/wp-json\/wp\/v2\/posts\/908549","targetHints":{"allow":["GET"]}}],"collection":[{"href":"https:\/\/www.albinfo.ch\/fr\/wp-json\/wp\/v2\/posts"}],"about":[{"href":"https:\/\/www.albinfo.ch\/fr\/wp-json\/wp\/v2\/types\/post"}],"author":[{"embeddable":true,"href":"https:\/\/www.albinfo.ch\/fr\/wp-json\/wp\/v2\/users\/6"}],"replies":[{"embeddable":true,"href":"https:\/\/www.albinfo.ch\/fr\/wp-json\/wp\/v2\/comments?post=908549"}],"version-history":[{"count":1,"href":"https:\/\/www.albinfo.ch\/fr\/wp-json\/wp\/v2\/posts\/908549\/revisions"}],"predecessor-version":[{"id":908550,"href":"https:\/\/www.albinfo.ch\/fr\/wp-json\/wp\/v2\/posts\/908549\/revisions\/908550"}],"wp:featuredmedia":[{"embeddable":true,"href":"https:\/\/www.albinfo.ch\/fr\/wp-json\/wp\/v2\/media\/908057"}],"wp:attachment":[{"href":"https:\/\/www.albinfo.ch\/fr\/wp-json\/wp\/v2\/media?parent=908549"}],"wp:term":[{"taxonomy":"category","embeddable":true,"href":"https:\/\/www.albinfo.ch\/fr\/wp-json\/wp\/v2\/categories?post=908549"},{"taxonomy":"post_tag","embeddable":true,"href":"https:\/\/www.albinfo.ch\/fr\/wp-json\/wp\/v2\/tags?post=908549"},{"taxonomy":"vendi","embeddable":true,"href":"https:\/\/www.albinfo.ch\/fr\/wp-json\/wp\/v2\/vendi?post=908549"},{"taxonomy":"content_country","embeddable":true,"href":"https:\/\/www.albinfo.ch\/fr\/wp-json\/wp\/v2\/content_country?post=908549"}],"curies":[{"name":"wp","href":"https:\/\/api.w.org\/{rel}","templated":true}]}}