{"id":908557,"date":"2026-03-15T12:14:13","date_gmt":"2026-03-15T11:14:13","guid":{"rendered":"https:\/\/www.albinfo.ch\/?p=908557"},"modified":"2026-03-16T00:59:52","modified_gmt":"2026-03-15T23:59:52","slug":"la-jeune-albanaise-de-14-ans-de-vienne-impressionne-le-jury-dans-the-voice-of-kids-en-allemagne","status":"publish","type":"post","link":"https:\/\/www.albinfo.ch\/fr\/la-jeune-albanaise-de-14-ans-de-vienne-impressionne-le-jury-dans-the-voice-of-kids-en-allemagne\/","title":{"rendered":"La jeune Albanaise de 14 ans de Vienne impressionne le jury dans &#8220;The Voice of Kids&#8221; en Allemagne"},"content":{"rendered":"<p data-start=\"8\" data-end=\"278\">Lionella peut d\u00e9j\u00e0 rivaliser avec les stars du rap en mati\u00e8re de confiance en soi. La devise de l\u2019\u00e9l\u00e8ve de Vienne est: &#8221; Si je veux quelque chose, je l\u2019obtiens &#8220;, \u00e9crit le journal allemand bild.de en d\u00e9crivant la prestation de la jeune de 14 ans, rapporte albinfo.at.<\/p>\n<p data-start=\"280\" data-end=\"476\">Comme l\u2019indique albinfo.at, la jeune rappeuse talentueuse s\u2019appelle Lionella Jakaj. Elle est n\u00e9e \u00e0 Vienne et est d\u2019origine albanaise, ses deux parents \u00e9tant originaires de la commune de Gjakova.<\/p>\n<p data-start=\"478\" data-end=\"711\">Lionella est mont\u00e9e sur sc\u00e8ne avec la chanson &#8220;Easy&#8221; de son idole, la c\u00e9l\u00e8bre rappeuse albanaise Loredana. Son objectif \u00e9tait de se produire du mieux possible et de convaincre l\u2019un des membres du jury de l\u2019accepter dans son \u00e9quipe.<\/p>\n<p data-start=\"713\" data-end=\"774\">Elle a conquis non seulement le jury, mais aussi le public.<\/p>\n<p data-start=\"776\" data-end=\"1235\">Lorsque Lionella monte avec assurance sur la sc\u00e8ne du spectacle t\u00e9l\u00e9vis\u00e9 vendredi soir sur SAT 1, elle s\u2019adresse imm\u00e9diatement au public avec les mots : &#8221; Salut Berlin! &#8220;. Les membres du jury restent surpris. Ce qu\u2019ils remarquent tout de suite, c\u2019est qu\u2019elle interpr\u00e8te la chanson parfaitement. La jeune de 14 ans ma\u00eetrise la sc\u00e8ne et conquiert imm\u00e9diatement le public. Les applaudissements ne cessent pas pendant toute la performance, rapporte albinfo.at.<\/p>\n<p data-start=\"1237\" data-end=\"1399\">\u00c0 la fin, chacun des membres du jury voulait l\u2019avoir dans son \u00e9quipe. Apr\u00e8s une v\u00e9ritable bataille entre eux, Lionella a choisi l\u2019\u00e9quipe des deux fr\u00e8res Lochis.\/Albinfo.at<\/p>\n<p><a href=\"https:\/\/www.joyn.at\/bts\/serien\/the-voice-kids\/rap-lionella-loredana-tvk-coaches-ziehen-joker-80977\">https:\/\/www.joyn.at\/bts\/serien\/the-voice-kids\/rap-lionella-loredana-tvk-coaches-ziehen-joker-80977<\/a><\/p>\n","protected":false},"excerpt":{"rendered":"<p>Lionella Jakaj \u00ebsht\u00eb e lindur n\u00eb Vjen\u00eb, me origjin\u00eb shqiptare nga dy prind\u00ebr nga komuna e Gjakov\u00ebs.<\/p>\n","protected":false},"author":6,"featured_media":908053,"comment_status":"closed","ping_status":"closed","sticky":false,"template":"","format":"standard","meta":{"footnotes":""},"categories":[34913,23271,24637,24660,1160,3949,23277,23270,24633,1159,1163,1168],"tags":[],"vendi":[],"content_country":[],"class_list":["post-908557","post","type-post","status-publish","format-standard","has-post-thumbnail","hentry","category-la-vie-en-autriche","category-kosovo","category-nouvelles-fr-4","category-la-musique","category-actuel","category-kosova-fr","category-news-fr","category-at-balkani-fr","category-nouvelles-fr-2","category-ch-balkans","category-fr-e-diaspora","category-culture"],"acf":[],"_links":{"self":[{"href":"https:\/\/www.albinfo.ch\/fr\/wp-json\/wp\/v2\/posts\/908557","targetHints":{"allow":["GET"]}}],"collection":[{"href":"https:\/\/www.albinfo.ch\/fr\/wp-json\/wp\/v2\/posts"}],"about":[{"href":"https:\/\/www.albinfo.ch\/fr\/wp-json\/wp\/v2\/types\/post"}],"author":[{"embeddable":true,"href":"https:\/\/www.albinfo.ch\/fr\/wp-json\/wp\/v2\/users\/6"}],"replies":[{"embeddable":true,"href":"https:\/\/www.albinfo.ch\/fr\/wp-json\/wp\/v2\/comments?post=908557"}],"version-history":[{"count":1,"href":"https:\/\/www.albinfo.ch\/fr\/wp-json\/wp\/v2\/posts\/908557\/revisions"}],"predecessor-version":[{"id":908558,"href":"https:\/\/www.albinfo.ch\/fr\/wp-json\/wp\/v2\/posts\/908557\/revisions\/908558"}],"wp:featuredmedia":[{"embeddable":true,"href":"https:\/\/www.albinfo.ch\/fr\/wp-json\/wp\/v2\/media\/908053"}],"wp:attachment":[{"href":"https:\/\/www.albinfo.ch\/fr\/wp-json\/wp\/v2\/media?parent=908557"}],"wp:term":[{"taxonomy":"category","embeddable":true,"href":"https:\/\/www.albinfo.ch\/fr\/wp-json\/wp\/v2\/categories?post=908557"},{"taxonomy":"post_tag","embeddable":true,"href":"https:\/\/www.albinfo.ch\/fr\/wp-json\/wp\/v2\/tags?post=908557"},{"taxonomy":"vendi","embeddable":true,"href":"https:\/\/www.albinfo.ch\/fr\/wp-json\/wp\/v2\/vendi?post=908557"},{"taxonomy":"content_country","embeddable":true,"href":"https:\/\/www.albinfo.ch\/fr\/wp-json\/wp\/v2\/content_country?post=908557"}],"curies":[{"name":"wp","href":"https:\/\/api.w.org\/{rel}","templated":true}]}}