{"id":908571,"date":"2026-03-15T13:11:19","date_gmt":"2026-03-15T12:11:19","guid":{"rendered":"https:\/\/www.albinfo.ch\/?p=908571"},"modified":"2026-03-16T01:16:26","modified_gmt":"2026-03-16T00:16:26","slug":"lancien-president-pendarovski-defend-la-langue-albanaise-en-macedoine-du-nord","status":"publish","type":"post","link":"https:\/\/www.albinfo.ch\/fr\/lancien-president-pendarovski-defend-la-langue-albanaise-en-macedoine-du-nord\/","title":{"rendered":"L\u2019ancien pr\u00e9sident Pendarovski d\u00e9fend la langue albanaise en Mac\u00e9doine du Nord"},"content":{"rendered":"<p data-start=\"8\" data-end=\"319\">Dans une interview, Pendarovski a d\u00e9clar\u00e9 que l\u2019albanais est une langue officielle en raison du fait que plus de 20 % de la population du pays est d\u2019origine albanaise et que son utilisation est r\u00e9glement\u00e9e par la loi sur les langues, modifi\u00e9e \u00e0 plusieurs reprises afin d\u2019am\u00e9liorer les droits de la communaut\u00e9.<\/p>\n<p data-start=\"321\" data-end=\"522\">Cependant, il a averti qu\u2019un citoyen a d\u00e9pos\u00e9 une requ\u00eate devant la Cour constitutionnelle demandant l\u2019annulation de cette loi, ce qui pourrait provoquer un probl\u00e8me majeur si celle ci \u00e9tait abrog\u00e9e.<\/p>\n<p data-start=\"524\" data-end=\"954\">&#8221; Elle est officielle parce que plus de 20 % des personnes vivant dans ce pays sont albanaises. Entre temps, nous avons accept\u00e9 deux langues juridiques. La loi principale existe en anglais, mais il y a aussi la loi en albanais, dans son essence. La premi\u00e8re loi, je pense, date de 2008. Et la derni\u00e8re modification remonte \u00e0 2017 environ. Nous avons donc chang\u00e9 cette loi plusieurs fois afin d\u2019am\u00e9liorer les droits des Albanais.<\/p>\n<p data-start=\"956\" data-end=\"1469\">Que s\u2019est il pass\u00e9 ensuite ? Quelqu\u2019un, suppos\u00e9 \u00eatre un simple citoyen inconnu du public, a d\u00e9pos\u00e9 une requ\u00eate devant la Cour constitutionnelle en affirmant que la loi sur les langues, donc sur la langue albanaise, n\u2019est pas conforme \u00e0 la Constitution et a demand\u00e9 son annulation\u2026 La Cour constitutionnelle a d\u00e9j\u00e0 programm\u00e9 une s\u00e9ance sur cette question et ce sera un grand probl\u00e8me s\u2019ils annulent cette loi sous pr\u00e9texte qu\u2019elle ne serait pas conforme \u00e0 la Constitution &#8220;, a t il d\u00e9clar\u00e9, rapporte Top Channel.<\/p>\n<p data-start=\"1471\" data-end=\"1622\">Pendarovski a soulign\u00e9 que le principal probl\u00e8me reste l\u2019application pratique de la loi, surtout dans les institutions et dans le syst\u00e8me judiciaire.<\/p>\n<p data-start=\"1624\" data-end=\"2201\">&#8221; Les Albanais peuvent utiliser cette langue, mais dans beaucoup de cas nous ne voyons pas son application compl\u00e8te dans les institutions et les tribunaux. Il est important de se demander si ces droits sont r\u00e9ellement appliqu\u00e9s dans la vie quotidienne. Une chose est \u00e9crite dans la loi, mais nous ne la voyons pas toujours dans la pratique. Si la loi existe seulement pour que certains partis politiques albanais puissent dire que pendant leur mandat ils ont adopt\u00e9 la meilleure loi possible pour l\u2019usage de la langue albanaise, alors cela devient de la propagande politique.<\/p>\n<p data-start=\"2203\" data-end=\"2586\">\u00c0 mon avis, cela doit \u00eatre dans l\u2019int\u00e9r\u00eat de tous, pour chaque Albanais qui vit ici. Il faut se demander si ces droits sont appliqu\u00e9s dans la vie de tous les jours. Je peux dire qu\u2019ils ne le sont pas. Et si malgr\u00e9 cela ils ne sont toujours pas appliqu\u00e9s pleinement, alors il y aura toujours des gens qui voudront contester m\u00eame ce qui est d\u00e9j\u00e0 garanti par la loi &#8220;, a t il d\u00e9clar\u00e9.<\/p>\n","protected":false},"excerpt":{"rendered":"<p>&#8221; Ce sera un grand probl\u00e8me si eux, la Cour constitutionnelle, annulent cette loi sur les langues sous pr\u00e9texte qu\u2019elle ne serait pas conforme \u00e0 la Constitution &#8220;<\/p>\n","protected":false},"author":6,"featured_media":283848,"comment_status":"closed","ping_status":"closed","sticky":false,"template":"","format":"standard","meta":{"footnotes":""},"categories":[24627,1160,1159],"tags":[],"vendi":[],"content_country":[],"class_list":["post-908571","post","type-post","status-publish","format-standard","has-post-thumbnail","hentry","category-macedoine-du-nord-fr-2","category-actuel","category-ch-balkans"],"acf":[],"_links":{"self":[{"href":"https:\/\/www.albinfo.ch\/fr\/wp-json\/wp\/v2\/posts\/908571","targetHints":{"allow":["GET"]}}],"collection":[{"href":"https:\/\/www.albinfo.ch\/fr\/wp-json\/wp\/v2\/posts"}],"about":[{"href":"https:\/\/www.albinfo.ch\/fr\/wp-json\/wp\/v2\/types\/post"}],"author":[{"embeddable":true,"href":"https:\/\/www.albinfo.ch\/fr\/wp-json\/wp\/v2\/users\/6"}],"replies":[{"embeddable":true,"href":"https:\/\/www.albinfo.ch\/fr\/wp-json\/wp\/v2\/comments?post=908571"}],"version-history":[{"count":1,"href":"https:\/\/www.albinfo.ch\/fr\/wp-json\/wp\/v2\/posts\/908571\/revisions"}],"predecessor-version":[{"id":908576,"href":"https:\/\/www.albinfo.ch\/fr\/wp-json\/wp\/v2\/posts\/908571\/revisions\/908576"}],"wp:featuredmedia":[{"embeddable":true,"href":"https:\/\/www.albinfo.ch\/fr\/wp-json\/wp\/v2\/media\/283848"}],"wp:attachment":[{"href":"https:\/\/www.albinfo.ch\/fr\/wp-json\/wp\/v2\/media?parent=908571"}],"wp:term":[{"taxonomy":"category","embeddable":true,"href":"https:\/\/www.albinfo.ch\/fr\/wp-json\/wp\/v2\/categories?post=908571"},{"taxonomy":"post_tag","embeddable":true,"href":"https:\/\/www.albinfo.ch\/fr\/wp-json\/wp\/v2\/tags?post=908571"},{"taxonomy":"vendi","embeddable":true,"href":"https:\/\/www.albinfo.ch\/fr\/wp-json\/wp\/v2\/vendi?post=908571"},{"taxonomy":"content_country","embeddable":true,"href":"https:\/\/www.albinfo.ch\/fr\/wp-json\/wp\/v2\/content_country?post=908571"}],"curies":[{"name":"wp","href":"https:\/\/api.w.org\/{rel}","templated":true}]}}