{"id":908754,"date":"2026-03-16T15:11:07","date_gmt":"2026-03-16T14:11:07","guid":{"rendered":"https:\/\/www.albinfo.ch\/?p=908754"},"modified":"2026-03-17T00:14:52","modified_gmt":"2026-03-16T23:14:52","slug":"lara-colturi-termine-huitieme-au-slalom-special-a-are-en-suede","status":"publish","type":"post","link":"https:\/\/www.albinfo.ch\/fr\/lara-colturi-termine-huitieme-au-slalom-special-a-are-en-suede\/","title":{"rendered":"Lara Colturi termine huiti\u00e8me au slalom sp\u00e9cial \u00e0 Are en Su\u00e8de"},"content":{"rendered":"<p data-start=\"8\" data-end=\"169\">La skieuse albanaise Lara Colturi a termin\u00e9 \u00e0 la huiti\u00e8me place lors de l\u2019\u00e9preuve de slalom sp\u00e9cial de la Coupe du monde de ski alpin, disput\u00e9e \u00e0 Are en Su\u00e8de.<\/p>\n<p data-start=\"171\" data-end=\"611\">La sportive de 19 ans a r\u00e9alis\u00e9 deux manches avec un temps total de 1 minute 45 secondes et 44 centi\u00e8mes. Lors de la premi\u00e8re manche, Colturi a termin\u00e9 \u00e0 la sixi\u00e8me place avec 51.26 secondes, devan\u00e7ant des noms connus du ski comme Paula Moltzan, Camille Rast, Lena Duerr et Sara Hector. La premi\u00e8re manche a \u00e9t\u00e9 domin\u00e9e par la championne olympique Mikaela Shiffrin, suivie de l\u2019Allemande Emma Aicher et de l\u2019Autrichienne Katharina Truppe.<\/p>\n<p data-start=\"613\" data-end=\"868\">Lors de la deuxi\u00e8me manche, Colturi a parcouru la piste en 54.18 secondes, terminant la course \u00e0 la huiti\u00e8me place du classement final. La victoire est revenue \u00e0 Mikaela Shiffrin, tandis qu\u2019Emma Aicher s\u2019est class\u00e9e deuxi\u00e8me et Wendy Holdener troisi\u00e8me.<\/p>\n","protected":false},"excerpt":{"rendered":"<p>La skieuse albanaise Lara Colturi a termin\u00e9 \u00e0 la huiti\u00e8me place lors de l\u2019\u00e9preuve de slalom sp\u00e9cial de la Coupe du monde de ski alpin, disput\u00e9e \u00e0 Are en Su\u00e8de. La sportive de 19 ans a r\u00e9alis\u00e9 deux manches avec un temps total de 1 minute 45 secondes et 44 centi\u00e8mes. Lors de la premi\u00e8re [&hellip;]<\/p>\n","protected":false},"author":6,"featured_media":900693,"comment_status":"closed","ping_status":"closed","sticky":false,"template":"","format":"standard","meta":{"footnotes":""},"categories":[24640,24630,1169],"tags":[],"vendi":[],"content_country":[],"class_list":["post-908754","post","type-post","status-publish","format-standard","has-post-thumbnail","hentry","category-autres-fr-2","category-nouvelles","category-sport-fr"],"acf":[],"_links":{"self":[{"href":"https:\/\/www.albinfo.ch\/fr\/wp-json\/wp\/v2\/posts\/908754","targetHints":{"allow":["GET"]}}],"collection":[{"href":"https:\/\/www.albinfo.ch\/fr\/wp-json\/wp\/v2\/posts"}],"about":[{"href":"https:\/\/www.albinfo.ch\/fr\/wp-json\/wp\/v2\/types\/post"}],"author":[{"embeddable":true,"href":"https:\/\/www.albinfo.ch\/fr\/wp-json\/wp\/v2\/users\/6"}],"replies":[{"embeddable":true,"href":"https:\/\/www.albinfo.ch\/fr\/wp-json\/wp\/v2\/comments?post=908754"}],"version-history":[{"count":1,"href":"https:\/\/www.albinfo.ch\/fr\/wp-json\/wp\/v2\/posts\/908754\/revisions"}],"predecessor-version":[{"id":908760,"href":"https:\/\/www.albinfo.ch\/fr\/wp-json\/wp\/v2\/posts\/908754\/revisions\/908760"}],"wp:featuredmedia":[{"embeddable":true,"href":"https:\/\/www.albinfo.ch\/fr\/wp-json\/wp\/v2\/media\/900693"}],"wp:attachment":[{"href":"https:\/\/www.albinfo.ch\/fr\/wp-json\/wp\/v2\/media?parent=908754"}],"wp:term":[{"taxonomy":"category","embeddable":true,"href":"https:\/\/www.albinfo.ch\/fr\/wp-json\/wp\/v2\/categories?post=908754"},{"taxonomy":"post_tag","embeddable":true,"href":"https:\/\/www.albinfo.ch\/fr\/wp-json\/wp\/v2\/tags?post=908754"},{"taxonomy":"vendi","embeddable":true,"href":"https:\/\/www.albinfo.ch\/fr\/wp-json\/wp\/v2\/vendi?post=908754"},{"taxonomy":"content_country","embeddable":true,"href":"https:\/\/www.albinfo.ch\/fr\/wp-json\/wp\/v2\/content_country?post=908754"}],"curies":[{"name":"wp","href":"https:\/\/api.w.org\/{rel}","templated":true}]}}