{"id":909391,"date":"2026-03-18T12:12:48","date_gmt":"2026-03-18T11:12:48","guid":{"rendered":"https:\/\/www.albinfo.ch\/?p=909391"},"modified":"2026-03-19T01:37:23","modified_gmt":"2026-03-19T00:37:23","slug":"kosovo-les-alpinistes-uta-ibrahimi-et-mrika-nikqi-honorees-avec-des-timbres-postaux","status":"publish","type":"post","link":"https:\/\/www.albinfo.ch\/fr\/kosovo-les-alpinistes-uta-ibrahimi-et-mrika-nikqi-honorees-avec-des-timbres-postaux\/","title":{"rendered":"Kosovo: les alpinistes Uta Ibrahimi et Mrika Nikqi honor\u00e9es avec des timbres postaux"},"content":{"rendered":"<p data-start=\"0\" data-end=\"263\">Les alpinistes kosovares Uta Ibrahimi et Mrika Nikqi ont \u00e9t\u00e9 honor\u00e9es par l\u2019\u00e9mission d\u2019une s\u00e9rie sp\u00e9ciale de timbres postaux, lors d\u2019une c\u00e9r\u00e9monie tenue \u00e0 Pristina, en pr\u00e9sence de repr\u00e9sentants institutionnels ainsi que des alpinistes elles m\u00eames.<\/p>\n<p data-start=\"265\" data-end=\"640\">Cette \u00e9mission particuli\u00e8re est d\u00e9di\u00e9e \u00e0 l\u2019alpinisme kosovar et au r\u00f4le des femmes qui, par leur courage, leur engagement et leurs r\u00e9alisations exceptionnelles, ont promu le Kosovo sur la sc\u00e8ne internationale. Dans ce cadre, la contribution d\u2019Ibrahimi et de Nikqi a \u00e9t\u00e9 hautement appr\u00e9ci\u00e9e, notamment \u00e0 travers leurs ascensions de plusieurs des plus hauts sommets du monde.<\/p>\n<p data-start=\"642\" data-end=\"1016\">La ministre Artane Rizvanolli a f\u00e9licit\u00e9 les deux alpinistes pour leurs succ\u00e8s, en soulignant l\u2019importance de promouvoir des figures qui repr\u00e9sentent dignement le Kosovo dans le monde. De son c\u00f4t\u00e9, le ministre Hajrulla \u00c7eku Jagxhiu a mis en avant l\u2019importance d\u2019encourager les activit\u00e9s dans la nature ainsi que le r\u00f4le inspirant que ces personnalit\u00e9s ont pour les jeunes.<\/p>\n<p><a href=\"https:\/\/www.albinfo.ch\/wp-content\/uploads\/2026\/03\/screenshot_20260318_193838_gmail.jpg\"><img loading=\"lazy\" decoding=\"async\" class=\"alignnone size-large wp-image-909295\" src=\"https:\/\/www.albinfo.ch\/wp-content\/uploads\/2026\/03\/screenshot_20260318_193838_gmail-1024x768.jpg\" alt=\"\" width=\"640\" height=\"480\" srcset=\"https:\/\/www.albinfo.ch\/wp-content\/uploads\/2026\/03\/screenshot_20260318_193838_gmail-1024x768.jpg 1024w, https:\/\/www.albinfo.ch\/wp-content\/uploads\/2026\/03\/screenshot_20260318_193838_gmail-300x225.jpg 300w, https:\/\/www.albinfo.ch\/wp-content\/uploads\/2026\/03\/screenshot_20260318_193838_gmail-768x576.jpg 768w, https:\/\/www.albinfo.ch\/wp-content\/uploads\/2026\/03\/screenshot_20260318_193838_gmail-528x396.jpg 528w, https:\/\/www.albinfo.ch\/wp-content\/uploads\/2026\/03\/screenshot_20260318_193838_gmail-133x100.jpg 133w, https:\/\/www.albinfo.ch\/wp-content\/uploads\/2026\/03\/screenshot_20260318_193838_gmail-233x175.jpg 233w, https:\/\/www.albinfo.ch\/wp-content\/uploads\/2026\/03\/screenshot_20260318_193838_gmail.jpg 1078w\" sizes=\"auto, (max-width: 640px) 100vw, 640px\" \/><\/a><\/p>\n<p data-start=\"0\" data-end=\"262\">Lors de la c\u00e9r\u00e9monie, Uta Ibrahimi et Mrika Nikqi ont partag\u00e9 leurs exp\u00e9riences des exp\u00e9ditions en montagne, les d\u00e9fis qu\u2019elles ont affront\u00e9s ainsi que des messages motivants pour les jeunes afin qu\u2019ils suivent un mode de vie actif et disciplin\u00e9.<\/p>\n<p data-start=\"264\" data-end=\"545\">Les timbres postaux ont \u00e9t\u00e9 remis aux alpinistes par la directrice ex\u00e9cutive de la Poste du Kosovo, Nora Rraci, qui a soulign\u00e9 que leur inclusion dans la philat\u00e9lie du Kosovo constitue une reconnaissance institutionnelle de leurs r\u00e9alisations et contribue \u00e0 la promotion du pays.<\/p>\n","protected":false},"excerpt":{"rendered":"<p>Les alpinistes kosovares Uta Ibrahimi et Mrika Nikqi ont \u00e9t\u00e9 honor\u00e9es par l\u2019\u00e9mission d\u2019une s\u00e9rie sp\u00e9ciale de timbres postaux, lors d\u2019une c\u00e9r\u00e9monie tenue \u00e0 Pristina, en pr\u00e9sence de repr\u00e9sentants institutionnels ainsi que des alpinistes elles m\u00eames. Cette \u00e9mission particuli\u00e8re est d\u00e9di\u00e9e \u00e0 l\u2019alpinisme kosovar et au r\u00f4le des femmes qui, par leur courage, leur engagement [&hellip;]<\/p>\n","protected":false},"author":6,"featured_media":909293,"comment_status":"closed","ping_status":"closed","sticky":false,"template":"","format":"standard","meta":{"footnotes":""},"categories":[33083,23271,1160,3949,23277,23270,24620,24634,1159],"tags":[],"vendi":[],"content_country":[],"class_list":["post-909391","post","type-post","status-publish","format-standard","has-post-thumbnail","hentry","category-de-balkani-fr","category-kosovo","category-actuel","category-kosova-fr","category-news-fr","category-at-balkani-fr","category-kosova-fr-2","category-nouvelles-fr-3","category-ch-balkans"],"acf":[],"_links":{"self":[{"href":"https:\/\/www.albinfo.ch\/fr\/wp-json\/wp\/v2\/posts\/909391","targetHints":{"allow":["GET"]}}],"collection":[{"href":"https:\/\/www.albinfo.ch\/fr\/wp-json\/wp\/v2\/posts"}],"about":[{"href":"https:\/\/www.albinfo.ch\/fr\/wp-json\/wp\/v2\/types\/post"}],"author":[{"embeddable":true,"href":"https:\/\/www.albinfo.ch\/fr\/wp-json\/wp\/v2\/users\/6"}],"replies":[{"embeddable":true,"href":"https:\/\/www.albinfo.ch\/fr\/wp-json\/wp\/v2\/comments?post=909391"}],"version-history":[{"count":1,"href":"https:\/\/www.albinfo.ch\/fr\/wp-json\/wp\/v2\/posts\/909391\/revisions"}],"predecessor-version":[{"id":909392,"href":"https:\/\/www.albinfo.ch\/fr\/wp-json\/wp\/v2\/posts\/909391\/revisions\/909392"}],"wp:featuredmedia":[{"embeddable":true,"href":"https:\/\/www.albinfo.ch\/fr\/wp-json\/wp\/v2\/media\/909293"}],"wp:attachment":[{"href":"https:\/\/www.albinfo.ch\/fr\/wp-json\/wp\/v2\/media?parent=909391"}],"wp:term":[{"taxonomy":"category","embeddable":true,"href":"https:\/\/www.albinfo.ch\/fr\/wp-json\/wp\/v2\/categories?post=909391"},{"taxonomy":"post_tag","embeddable":true,"href":"https:\/\/www.albinfo.ch\/fr\/wp-json\/wp\/v2\/tags?post=909391"},{"taxonomy":"vendi","embeddable":true,"href":"https:\/\/www.albinfo.ch\/fr\/wp-json\/wp\/v2\/vendi?post=909391"},{"taxonomy":"content_country","embeddable":true,"href":"https:\/\/www.albinfo.ch\/fr\/wp-json\/wp\/v2\/content_country?post=909391"}],"curies":[{"name":"wp","href":"https:\/\/api.w.org\/{rel}","templated":true}]}}