{"id":918433,"date":"2026-04-25T12:10:03","date_gmt":"2026-04-25T10:10:03","guid":{"rendered":"https:\/\/www.albinfo.ch\/diaspora-shqiptare-ne-argjentine-tradita-qe-ruhet-brez-pas-brezi\/"},"modified":"2026-04-26T03:28:32","modified_gmt":"2026-04-26T01:28:32","slug":"diaspora-shqiptare-ne-argjentine-tradita-qe-ruhet-brez-pas-brezi","status":"publish","type":"post","link":"https:\/\/www.albinfo.ch\/fr\/diaspora-shqiptare-ne-argjentine-tradita-qe-ruhet-brez-pas-brezi\/","title":{"rendered":"La diaspora albanaise en Argentine, une tradition transmise de g\u00e9n\u00e9ration en g\u00e9n\u00e9ration"},"content":{"rendered":"<p data-start=\"0\" data-end=\"190\">La diaspora albanaise en Argentine continue de pr\u00e9server la langue, la culture et les traditions nationales m\u00eame \u00e0 des milliers de kilom\u00e8tres de la patrie, rapporte albinfo.ch.<\/p>\n<p data-start=\"192\" data-end=\"423\">Dans la ville de Berisso, dans la province de Buenos Aires, connue comme la capitale de l\u2019immigration, la communaut\u00e9 albanaise &#8220;Bashkimi&#8221; a pr\u00e9sent\u00e9 un programme culturel sp\u00e9cial dans le cadre du 47e Festival de l\u2019Immigration 2024.<\/p>\n<p data-start=\"425\" data-end=\"644\">\u00c0 travers cette pr\u00e9sentation, les Albanais de Berisso ont mis en sc\u00e8ne la tradition, la m\u00e9moire et l\u2019esprit d\u2019un peuple qui n\u2019oublie pas ses racines, d\u00e9montrant une fois de plus leur lien fort avec l\u2019identit\u00e9 nationale.<\/p>\n<p data-start=\"646\" data-end=\"739\">Ce moment particulier a \u00e9t\u00e9 r\u00e9alis\u00e9 par Mihal Ciko et diffus\u00e9 mardi sur Albania TV \u00e0 19:00.\/Albinfo.ch<\/p>\n","protected":false},"excerpt":{"rendered":"<p>La communaut\u00e9 &#8220;Bashkimi&#8221; \u00e0 Berisso met en sc\u00e8ne la culture albanaise au 47e Festival de l\u2019Immigration<\/p>\n","protected":false},"author":31,"featured_media":918000,"comment_status":"closed","ping_status":"closed","sticky":false,"template":"","format":"standard","meta":{"footnotes":""},"categories":[24637,24660,24630,1163,1168],"tags":[],"vendi":[],"content_country":[31835,31838,31840],"class_list":["post-918433","post","type-post","status-publish","format-standard","has-post-thumbnail","hentry","category-nouvelles-fr-4","category-la-musique","category-nouvelles","category-fr-e-diaspora","category-culture","content_country-austria-fr","content_country-germany-fr","content_country-zvicer-fr"],"acf":[],"_links":{"self":[{"href":"https:\/\/www.albinfo.ch\/fr\/wp-json\/wp\/v2\/posts\/918433","targetHints":{"allow":["GET"]}}],"collection":[{"href":"https:\/\/www.albinfo.ch\/fr\/wp-json\/wp\/v2\/posts"}],"about":[{"href":"https:\/\/www.albinfo.ch\/fr\/wp-json\/wp\/v2\/types\/post"}],"author":[{"embeddable":true,"href":"https:\/\/www.albinfo.ch\/fr\/wp-json\/wp\/v2\/users\/31"}],"replies":[{"embeddable":true,"href":"https:\/\/www.albinfo.ch\/fr\/wp-json\/wp\/v2\/comments?post=918433"}],"version-history":[{"count":2,"href":"https:\/\/www.albinfo.ch\/fr\/wp-json\/wp\/v2\/posts\/918433\/revisions"}],"predecessor-version":[{"id":918435,"href":"https:\/\/www.albinfo.ch\/fr\/wp-json\/wp\/v2\/posts\/918433\/revisions\/918435"}],"wp:featuredmedia":[{"embeddable":true,"href":"https:\/\/www.albinfo.ch\/fr\/wp-json\/wp\/v2\/media\/918000"}],"wp:attachment":[{"href":"https:\/\/www.albinfo.ch\/fr\/wp-json\/wp\/v2\/media?parent=918433"}],"wp:term":[{"taxonomy":"category","embeddable":true,"href":"https:\/\/www.albinfo.ch\/fr\/wp-json\/wp\/v2\/categories?post=918433"},{"taxonomy":"post_tag","embeddable":true,"href":"https:\/\/www.albinfo.ch\/fr\/wp-json\/wp\/v2\/tags?post=918433"},{"taxonomy":"vendi","embeddable":true,"href":"https:\/\/www.albinfo.ch\/fr\/wp-json\/wp\/v2\/vendi?post=918433"},{"taxonomy":"content_country","embeddable":true,"href":"https:\/\/www.albinfo.ch\/fr\/wp-json\/wp\/v2\/content_country?post=918433"}],"curies":[{"name":"wp","href":"https:\/\/api.w.org\/{rel}","templated":true}]}}