{"id":918519,"date":"2026-04-26T09:10:18","date_gmt":"2026-04-26T07:10:18","guid":{"rendered":"https:\/\/www.albinfo.ch\/ftese-per-lexim-letrar-dhe-diskutim-me-autoret-jehona-kicaj-dhe-elona-beqiraj\/"},"modified":"2026-04-26T21:02:45","modified_gmt":"2026-04-26T19:02:45","slug":"ftese-per-lexim-letrar-dhe-diskutim-me-autoret-jehona-kicaj-dhe-elona-beqiraj","status":"publish","type":"post","link":"https:\/\/www.albinfo.ch\/fr\/ftese-per-lexim-letrar-dhe-diskutim-me-autoret-jehona-kicaj-dhe-elona-beqiraj\/","title":{"rendered":"Invitation \u00e0 une lecture litt\u00e9raire et \u00e0 une discussion avec les auteures Jehona Kicaj et Elona Beqiraj"},"content":{"rendered":"<p data-start=\"0\" data-end=\"293\">Un appel \u00e0 participation a \u00e9t\u00e9 lanc\u00e9 pour une lecture litt\u00e9raire et une discussion avec les auteures Jehona Kicaj et Elona Beqiraj, qui, \u00e0 travers leurs \u0153uvres, abordent avec sensibilit\u00e9 les th\u00e8mes de la guerre, de la m\u00e9moire et de son impact sur la soci\u00e9t\u00e9, rapporte albinfo.ch.<\/p>\n<p data-start=\"295\" data-end=\"672\">M\u00eame lorsque la guerre n\u2019est pas v\u00e9cue directement, ses traces restent pr\u00e9sentes dans les histoires familiales, dans les souvenirs, mais aussi dans les silences transmis de g\u00e9n\u00e9ration en g\u00e9n\u00e9ration. C\u2019est pr\u00e9cis\u00e9ment entre m\u00e9moire et oubli que naissent des r\u00e9cits non dits, qui continuent d\u2019influencer notre mani\u00e8re de nous comprendre et de percevoir le monde qui nous entoure.<\/p>\n<p data-start=\"674\" data-end=\"922\">Lors de cet \u00e9v\u00e9nement, les auteures pr\u00e9senteront leur perspective sur la guerre au Kosovo, un chapitre qui, bien qu\u2019il se soit achev\u00e9 il y a plus de 25 ans, continue de vivre dans les exp\u00e9riences personnelles et l\u2019identit\u00e9 collective de la soci\u00e9t\u00e9.<\/p>\n<p data-start=\"924\" data-end=\"1133\">L\u2019\u00e9v\u00e9nement vise \u00e0 ouvrir un espace de r\u00e9flexion, de dialogue et de m\u00e9moire \u00e0 travers la litt\u00e9rature, en proposant une discussion importante sur des th\u00e8mes qui touchent encore profond\u00e9ment la soci\u00e9t\u00e9 kosovare.<\/p>\n<p data-start=\"1135\" data-end=\"1200\">Pour plus d\u2019informations, veuillez cliquer sur le lien suivant:<\/p>\n<p class=\"p1\"><a href=\"https:\/\/www.flucht-vertreibung-versoehnung.de\/de\/veranstaltung\/e-mit-jehona-kicaj-und-und-wir-kamen-jeden-sommer-mit-elona-beqiraj\"><span class=\"s1\">https:\/\/www.flucht-vertreibung-versoehnung.de\/de\/veranstaltung\/e-mit-jehona-kicaj-und-und-wir-kamen-jeden-sommer-mit-elona-beqiraj<\/span><\/a><\/p>\n","protected":false},"excerpt":{"rendered":"<p>Une soir\u00e9e de r\u00e9flexion sur la guerre, la m\u00e9moire et les r\u00e9cits non dits des g\u00e9n\u00e9rations<\/p>\n","protected":false},"author":31,"featured_media":918052,"comment_status":"closed","ping_status":"closed","sticky":false,"template":"","format":"standard","meta":{"footnotes":""},"categories":[24637,24662,24630,1163,1168],"tags":[],"vendi":[],"content_country":[31835,31838,31840],"class_list":["post-918519","post","type-post","status-publish","format-standard","has-post-thumbnail","hentry","category-nouvelles-fr-4","category-litterature","category-nouvelles","category-fr-e-diaspora","category-culture","content_country-austria-fr","content_country-germany-fr","content_country-zvicer-fr"],"acf":[],"_links":{"self":[{"href":"https:\/\/www.albinfo.ch\/fr\/wp-json\/wp\/v2\/posts\/918519","targetHints":{"allow":["GET"]}}],"collection":[{"href":"https:\/\/www.albinfo.ch\/fr\/wp-json\/wp\/v2\/posts"}],"about":[{"href":"https:\/\/www.albinfo.ch\/fr\/wp-json\/wp\/v2\/types\/post"}],"author":[{"embeddable":true,"href":"https:\/\/www.albinfo.ch\/fr\/wp-json\/wp\/v2\/users\/31"}],"replies":[{"embeddable":true,"href":"https:\/\/www.albinfo.ch\/fr\/wp-json\/wp\/v2\/comments?post=918519"}],"version-history":[{"count":2,"href":"https:\/\/www.albinfo.ch\/fr\/wp-json\/wp\/v2\/posts\/918519\/revisions"}],"predecessor-version":[{"id":918521,"href":"https:\/\/www.albinfo.ch\/fr\/wp-json\/wp\/v2\/posts\/918519\/revisions\/918521"}],"wp:featuredmedia":[{"embeddable":true,"href":"https:\/\/www.albinfo.ch\/fr\/wp-json\/wp\/v2\/media\/918052"}],"wp:attachment":[{"href":"https:\/\/www.albinfo.ch\/fr\/wp-json\/wp\/v2\/media?parent=918519"}],"wp:term":[{"taxonomy":"category","embeddable":true,"href":"https:\/\/www.albinfo.ch\/fr\/wp-json\/wp\/v2\/categories?post=918519"},{"taxonomy":"post_tag","embeddable":true,"href":"https:\/\/www.albinfo.ch\/fr\/wp-json\/wp\/v2\/tags?post=918519"},{"taxonomy":"vendi","embeddable":true,"href":"https:\/\/www.albinfo.ch\/fr\/wp-json\/wp\/v2\/vendi?post=918519"},{"taxonomy":"content_country","embeddable":true,"href":"https:\/\/www.albinfo.ch\/fr\/wp-json\/wp\/v2\/content_country?post=918519"}],"curies":[{"name":"wp","href":"https:\/\/api.w.org\/{rel}","templated":true}]}}