{"id":918527,"date":"2026-04-26T10:10:56","date_gmt":"2026-04-26T08:10:56","guid":{"rendered":"https:\/\/www.albinfo.ch\/trupa-e-teatrit-te-gjakoves-hadi-shehu-shfaq-me-27-prill-vepren-vojceku-ne-vjene\/"},"modified":"2026-04-26T21:12:24","modified_gmt":"2026-04-26T19:12:24","slug":"trupa-e-teatrit-te-gjakoves-hadi-shehu-shfaq-me-27-prill-vepren-vojceku-ne-vjene","status":"publish","type":"post","link":"https:\/\/www.albinfo.ch\/fr\/trupa-e-teatrit-te-gjakoves-hadi-shehu-shfaq-me-27-prill-vepren-vojceku-ne-vjene\/","title":{"rendered":"La troupe du th\u00e9\u00e2tre de Gjakova &#8220;Hadi Shehu&#8221; pr\u00e9sente le 27 avril la pi\u00e8ce &#8220;Voj\u00e7eku&#8221; \u00e0 Vienne"},"content":{"rendered":"<p data-start=\"0\" data-end=\"245\">L\u2019une des \u0153uvres les plus puissantes du th\u00e9\u00e2tre europ\u00e9en, \u201cVoj\u00e7eku\u201d de Georg B\u00fcchner, dans l\u2019adaptation de Jack Thorne, arrive \u00e0 Vienne pour le public, pr\u00e9sent\u00e9e par le th\u00e9\u00e2tre de la ville \u201cHadi Shehu\u201d de Gjakova, \u00e9crit albinfo.at.<\/p>\n<p data-start=\"247\" data-end=\"419\">Sous la mise en sc\u00e8ne de Zana Hoxha, ce spectacle propose un r\u00e9cit bouleversant sur l\u2019homme \u00e0 la limite de lui m\u00eame, entre pauvret\u00e9, pression et d\u00e9sint\u00e9gration spirituelle.<\/p>\n<p data-start=\"421\" data-end=\"553\">Selon le groupe organisateur &#8220;K\u00e1 grup&#8221;, la repr\u00e9sentation aura lieu le 27 avril 2026 \u00e0 l\u2019Akzent Theater \u00e0 Vienne, \u00e0 partir de 19:00.<\/p>\n<p data-start=\"555\" data-end=\"762\">&#8221; &#8216;Voj\u00e7ek\u2019 est un voyage spirituel et psychologique qui explore les limites de la souffrance humaine, les tensions int\u00e9rieures et les relations d\u00e9truites par les difficult\u00e9s de la vie&#8221;, indique le communiqu\u00e9.<\/p>\n<p data-start=\"764\" data-end=\"881\">Distribution: Bujar Ahmeti, Vlora Dervishi, Edi Kastrati, Aurita Agushi, Arbies Komoni, Altina Kusari, Eden Kastrati.<\/p>\n<p data-start=\"883\" data-end=\"1017\">Le spectacle est r\u00e9alis\u00e9 par le th\u00e9\u00e2tre &#8220;Hadi Shehu&#8221; de Gjakova, en partenariat avec le Centre pour l\u2019art et la communaut\u00e9 &#8220;Artpolis&#8221;.<\/p>\n<p data-start=\"1019\" data-end=\"1136\">Lieu: Akzent Theater, Vienne<br data-start=\"1047\" data-end=\"1050\" \/>Date: 27 avril 2026<br data-start=\"1069\" data-end=\"1072\" \/>Heure: 19:00<br data-start=\"1084\" data-end=\"1087\" \/>Entr\u00e9e: don libre r\u00e9servation <a class=\"decorated-link cursor-pointer\" rel=\"noopener\" data-start=\"1117\" data-end=\"1134\">contact@kagrup.at<\/a><\/p>\n<p><img loading=\"lazy\" decoding=\"async\" class=\"alignnone wp-image-918061\" src=\"https:\/\/www.albinfo.ch\/wp-content\/uploads\/2026\/04\/att.hdm2imxxj2trzbzwoaaop9sztc0ryrbd2hnyigqywaq-819x1024.jpeg\" alt=\"\" width=\"500\" height=\"625\" srcset=\"https:\/\/www.albinfo.ch\/wp-content\/uploads\/2026\/04\/att.hdm2imxxj2trzbzwoaaop9sztc0ryrbd2hnyigqywaq-819x1024.jpeg 819w, https:\/\/www.albinfo.ch\/wp-content\/uploads\/2026\/04\/att.hdm2imxxj2trzbzwoaaop9sztc0ryrbd2hnyigqywaq-240x300.jpeg 240w, https:\/\/www.albinfo.ch\/wp-content\/uploads\/2026\/04\/att.hdm2imxxj2trzbzwoaaop9sztc0ryrbd2hnyigqywaq-768x961.jpeg 768w, https:\/\/www.albinfo.ch\/wp-content\/uploads\/2026\/04\/att.hdm2imxxj2trzbzwoaaop9sztc0ryrbd2hnyigqywaq-1228x1536.jpeg 1228w, https:\/\/www.albinfo.ch\/wp-content\/uploads\/2026\/04\/att.hdm2imxxj2trzbzwoaaop9sztc0ryrbd2hnyigqywaq-317x396.jpeg 317w, https:\/\/www.albinfo.ch\/wp-content\/uploads\/2026\/04\/att.hdm2imxxj2trzbzwoaaop9sztc0ryrbd2hnyigqywaq-80x100.jpeg 80w, https:\/\/www.albinfo.ch\/wp-content\/uploads\/2026\/04\/att.hdm2imxxj2trzbzwoaaop9sztc0ryrbd2hnyigqywaq-140x175.jpeg 140w, https:\/\/www.albinfo.ch\/wp-content\/uploads\/2026\/04\/att.hdm2imxxj2trzbzwoaaop9sztc0ryrbd2hnyigqywaq.jpeg 1440w\" sizes=\"auto, (max-width: 500px) 100vw, 500px\" \/><\/p>\n","protected":false},"excerpt":{"rendered":"<p>L\u2019une des \u0153uvres les plus puissantes du th\u00e9\u00e2tre europ\u00e9en, \u201cVoj\u00e7eku\u201d de Georg B\u00fcchner, dans l\u2019adaptation de Jack Thorne, arrive \u00e0 Vienne pour le public, pr\u00e9sent\u00e9e par le th\u00e9\u00e2tre de la ville \u201cHadi Shehu\u201d de Gjakova, \u00e9crit albinfo.at. Sous la mise en sc\u00e8ne de Zana Hoxha, ce spectacle propose un r\u00e9cit bouleversant sur l\u2019homme \u00e0 la [&hellip;]<\/p>\n","protected":false},"author":31,"featured_media":918065,"comment_status":"closed","ping_status":"closed","sticky":false,"template":"","format":"standard","meta":{"footnotes":""},"categories":[34913,24637,24664,24630,24633,1163,1168],"tags":[],"vendi":[],"content_country":[31835,31838,31840],"class_list":["post-918527","post","type-post","status-publish","format-standard","has-post-thumbnail","hentry","category-la-vie-en-autriche","category-nouvelles-fr-4","category-theatre","category-nouvelles","category-nouvelles-fr-2","category-fr-e-diaspora","category-culture","content_country-austria-fr","content_country-germany-fr","content_country-zvicer-fr"],"acf":[],"_links":{"self":[{"href":"https:\/\/www.albinfo.ch\/fr\/wp-json\/wp\/v2\/posts\/918527","targetHints":{"allow":["GET"]}}],"collection":[{"href":"https:\/\/www.albinfo.ch\/fr\/wp-json\/wp\/v2\/posts"}],"about":[{"href":"https:\/\/www.albinfo.ch\/fr\/wp-json\/wp\/v2\/types\/post"}],"author":[{"embeddable":true,"href":"https:\/\/www.albinfo.ch\/fr\/wp-json\/wp\/v2\/users\/31"}],"replies":[{"embeddable":true,"href":"https:\/\/www.albinfo.ch\/fr\/wp-json\/wp\/v2\/comments?post=918527"}],"version-history":[{"count":2,"href":"https:\/\/www.albinfo.ch\/fr\/wp-json\/wp\/v2\/posts\/918527\/revisions"}],"predecessor-version":[{"id":918529,"href":"https:\/\/www.albinfo.ch\/fr\/wp-json\/wp\/v2\/posts\/918527\/revisions\/918529"}],"wp:featuredmedia":[{"embeddable":true,"href":"https:\/\/www.albinfo.ch\/fr\/wp-json\/wp\/v2\/media\/918065"}],"wp:attachment":[{"href":"https:\/\/www.albinfo.ch\/fr\/wp-json\/wp\/v2\/media?parent=918527"}],"wp:term":[{"taxonomy":"category","embeddable":true,"href":"https:\/\/www.albinfo.ch\/fr\/wp-json\/wp\/v2\/categories?post=918527"},{"taxonomy":"post_tag","embeddable":true,"href":"https:\/\/www.albinfo.ch\/fr\/wp-json\/wp\/v2\/tags?post=918527"},{"taxonomy":"vendi","embeddable":true,"href":"https:\/\/www.albinfo.ch\/fr\/wp-json\/wp\/v2\/vendi?post=918527"},{"taxonomy":"content_country","embeddable":true,"href":"https:\/\/www.albinfo.ch\/fr\/wp-json\/wp\/v2\/content_country?post=918527"}],"curies":[{"name":"wp","href":"https:\/\/api.w.org\/{rel}","templated":true}]}}