{"id":918586,"date":"2026-04-27T09:15:25","date_gmt":"2026-04-27T07:15:25","guid":{"rendered":"https:\/\/www.albinfo.ch\/kosova-dhe-belgjika-nenshkruajne-marreveshje-per-ndihme-te-ndersjelle-juridike-ne-ceshtjet-penale\/"},"modified":"2026-04-27T08:59:14","modified_gmt":"2026-04-27T06:59:14","slug":"kosova-dhe-belgjika-nenshkruajne-marreveshje-per-ndihme-te-ndersjelle-juridike-ne-ceshtjet-penale","status":"publish","type":"post","link":"https:\/\/www.albinfo.ch\/fr\/kosova-dhe-belgjika-nenshkruajne-marreveshje-per-ndihme-te-ndersjelle-juridike-ne-ceshtjet-penale\/","title":{"rendered":"Le Kosovo et la Belgique signent un accord d\u2019entraide judiciaire en mati\u00e8re p\u00e9nale"},"content":{"rendered":"<p data-start=\"0\" data-end=\"257\">La ministre de la Justice du Kosovo, Donika G\u00ebrvalla, lors d\u2019une visite officielle au Royaume de Belgique, a sign\u00e9 un accord d\u2019entraide judiciaire en mati\u00e8re p\u00e9nale avec son homologue belge, la ministre Annelies Verlinden, rapporte albinfo.ch.<\/p>\n<p data-start=\"259\" data-end=\"441\">Selon le communiqu\u00e9 officiel, G\u00ebrvalla a d\u00e9clar\u00e9 que cet accord entre deux pays amis devrait avoir un impact direct sur l\u2019efficacit\u00e9 de la lutte contre la criminalit\u00e9 transnationale.<\/p>\n<p data-start=\"443\" data-end=\"796\">\u201cL\u2019accord cr\u00e9e une base juridique pour la mise en place d\u2019\u00e9quipes communes d\u2019enqu\u00eate et comprend des dispositions avanc\u00e9es pour le gel, la saisie et la confiscation des avoirs, l\u2019\u00e9change de preuves et d\u2019informations, ainsi que la prise de t\u00e9moignages par visioconf\u00e9rence, conform\u00e9ment aux pratiques internationales les plus modernes\u201d, a-t-elle soulign\u00e9.<\/p>\n<p data-start=\"798\" data-end=\"1086\">La ministre a indiqu\u00e9 que cet accord permettra de d\u00e9finir clairement les formes et les m\u00e9canismes de l\u2019entraide judiciaire en mati\u00e8re p\u00e9nale, y compris les conditions d\u2019assistance, les motifs de refus, la l\u00e9gislation applicable et les proc\u00e9dures \u00e0 suivre dans les demandes de coop\u00e9ration.<\/p>\n<p data-start=\"1088\" data-end=\"1275\">Enfin, G\u00ebrvalla a remerci\u00e9 la ministre belge Verlinden pour l\u2019accueil et l\u2019\u00e9change constructif, saluant l\u2019engagement commun pour renforcer la coop\u00e9ration entre le Kosovo et la Belgique.\/Albinfo.ch<\/p>\n","protected":false},"excerpt":{"rendered":"<p>L\u2019accord vise \u00e0 renforcer l\u2019efficacit\u00e9 dans la lutte contre la criminalit\u00e9 transnationale et cr\u00e9e une base juridique pour des \u00e9quipes d\u2019enqu\u00eate communes<\/p>\n","protected":false},"author":31,"featured_media":918250,"comment_status":"closed","ping_status":"closed","sticky":false,"template":"","format":"standard","meta":{"footnotes":""},"categories":[23271,3949,23270,24630,1159],"tags":[],"vendi":[],"content_country":[31835,31838,31840],"class_list":["post-918586","post","type-post","status-publish","format-standard","has-post-thumbnail","hentry","category-kosovo","category-kosova-fr","category-at-balkani-fr","category-nouvelles","category-ch-balkans","content_country-austria-fr","content_country-germany-fr","content_country-zvicer-fr"],"acf":[],"_links":{"self":[{"href":"https:\/\/www.albinfo.ch\/fr\/wp-json\/wp\/v2\/posts\/918586","targetHints":{"allow":["GET"]}}],"collection":[{"href":"https:\/\/www.albinfo.ch\/fr\/wp-json\/wp\/v2\/posts"}],"about":[{"href":"https:\/\/www.albinfo.ch\/fr\/wp-json\/wp\/v2\/types\/post"}],"author":[{"embeddable":true,"href":"https:\/\/www.albinfo.ch\/fr\/wp-json\/wp\/v2\/users\/31"}],"replies":[{"embeddable":true,"href":"https:\/\/www.albinfo.ch\/fr\/wp-json\/wp\/v2\/comments?post=918586"}],"version-history":[{"count":2,"href":"https:\/\/www.albinfo.ch\/fr\/wp-json\/wp\/v2\/posts\/918586\/revisions"}],"predecessor-version":[{"id":918588,"href":"https:\/\/www.albinfo.ch\/fr\/wp-json\/wp\/v2\/posts\/918586\/revisions\/918588"}],"wp:featuredmedia":[{"embeddable":true,"href":"https:\/\/www.albinfo.ch\/fr\/wp-json\/wp\/v2\/media\/918250"}],"wp:attachment":[{"href":"https:\/\/www.albinfo.ch\/fr\/wp-json\/wp\/v2\/media?parent=918586"}],"wp:term":[{"taxonomy":"category","embeddable":true,"href":"https:\/\/www.albinfo.ch\/fr\/wp-json\/wp\/v2\/categories?post=918586"},{"taxonomy":"post_tag","embeddable":true,"href":"https:\/\/www.albinfo.ch\/fr\/wp-json\/wp\/v2\/tags?post=918586"},{"taxonomy":"vendi","embeddable":true,"href":"https:\/\/www.albinfo.ch\/fr\/wp-json\/wp\/v2\/vendi?post=918586"},{"taxonomy":"content_country","embeddable":true,"href":"https:\/\/www.albinfo.ch\/fr\/wp-json\/wp\/v2\/content_country?post=918586"}],"curies":[{"name":"wp","href":"https:\/\/api.w.org\/{rel}","templated":true}]}}