{"id":918602,"date":"2026-04-27T11:15:28","date_gmt":"2026-04-27T09:15:28","guid":{"rendered":"https:\/\/www.albinfo.ch\/oficerja-e-pare-e-fsk-se-po-ndjek-kursin-e-avancuar-te-inxhinierise-ushtarake-ne-britani\/"},"modified":"2026-04-27T09:11:21","modified_gmt":"2026-04-27T07:11:21","slug":"oficerja-e-pare-e-fsk-se-po-ndjek-kursin-e-avancuar-te-inxhinierise-ushtarake-ne-britani","status":"publish","type":"post","link":"https:\/\/www.albinfo.ch\/fr\/oficerja-e-pare-e-fsk-se-po-ndjek-kursin-e-avancuar-te-inxhinierise-ushtarake-ne-britani\/","title":{"rendered":"La premi\u00e8re officier de la FSK suit un cours avanc\u00e9 d\u2019ing\u00e9nierie militaire en Grande Bretagne"},"content":{"rendered":"<p data-start=\"0\" data-end=\"259\">La sous lieutenante Gabriella Hajdaraj de la Force de s\u00e9curit\u00e9 du Kosovo sera la premi\u00e8re officier de cette force \u00e0 suivre le cours professionnel avanc\u00e9 de sept mois pour commandants de peloton du g\u00e9nie royal au Royaume Uni, rapporte albinfo.ch.<\/p>\n<p data-start=\"261\" data-end=\"485\">Ce cours avanc\u00e9 vise \u00e0 fournir aux jeunes officiers des connaissances approfondies sur les plans technique, tactique et du commandement, essentielles pour diriger des unit\u00e9s militaires dans des r\u00f4les d\u2019ing\u00e9nierie de soutien.<\/p>\n<p data-start=\"487\" data-end=\"790\">La participation de la sous lieutenante Hajdaraj \u00e0 cette formation est consid\u00e9r\u00e9e comme une \u00e9tape importante dans le cadre du renforcement de la coop\u00e9ration entre le Kosovo et le Royaume Uni, ainsi qu\u2019une preuve du soutien continu britannique au d\u00e9veloppement des capacit\u00e9s du g\u00e9nie militaire de la FSK.<\/p>\n<p data-start=\"792\" data-end=\"981\">La formation se d\u00e9roule dans le cadre des programmes professionnels de l\u2019unit\u00e9 3 RSME Regt, sp\u00e9cialis\u00e9e dans la formation du personnel militaire dans le domaine de l\u2019ing\u00e9nierie militaire.\/Albinfo.ch<\/p>\n","protected":false},"excerpt":{"rendered":"<p>La lieutenante Gabriella Hajdaraj suivra une formation de sept mois pour commandants de peloton du g\u00e9nie royal au Royaume Uni<\/p>\n","protected":false},"author":31,"featured_media":918257,"comment_status":"closed","ping_status":"closed","sticky":false,"template":"","format":"standard","meta":{"footnotes":""},"categories":[24637,24630,1163],"tags":[],"vendi":[],"content_country":[31835,31838,31840],"class_list":["post-918602","post","type-post","status-publish","format-standard","has-post-thumbnail","hentry","category-nouvelles-fr-4","category-nouvelles","category-fr-e-diaspora","content_country-austria-fr","content_country-germany-fr","content_country-zvicer-fr"],"acf":[],"_links":{"self":[{"href":"https:\/\/www.albinfo.ch\/fr\/wp-json\/wp\/v2\/posts\/918602","targetHints":{"allow":["GET"]}}],"collection":[{"href":"https:\/\/www.albinfo.ch\/fr\/wp-json\/wp\/v2\/posts"}],"about":[{"href":"https:\/\/www.albinfo.ch\/fr\/wp-json\/wp\/v2\/types\/post"}],"author":[{"embeddable":true,"href":"https:\/\/www.albinfo.ch\/fr\/wp-json\/wp\/v2\/users\/31"}],"replies":[{"embeddable":true,"href":"https:\/\/www.albinfo.ch\/fr\/wp-json\/wp\/v2\/comments?post=918602"}],"version-history":[{"count":2,"href":"https:\/\/www.albinfo.ch\/fr\/wp-json\/wp\/v2\/posts\/918602\/revisions"}],"predecessor-version":[{"id":918604,"href":"https:\/\/www.albinfo.ch\/fr\/wp-json\/wp\/v2\/posts\/918602\/revisions\/918604"}],"wp:featuredmedia":[{"embeddable":true,"href":"https:\/\/www.albinfo.ch\/fr\/wp-json\/wp\/v2\/media\/918257"}],"wp:attachment":[{"href":"https:\/\/www.albinfo.ch\/fr\/wp-json\/wp\/v2\/media?parent=918602"}],"wp:term":[{"taxonomy":"category","embeddable":true,"href":"https:\/\/www.albinfo.ch\/fr\/wp-json\/wp\/v2\/categories?post=918602"},{"taxonomy":"post_tag","embeddable":true,"href":"https:\/\/www.albinfo.ch\/fr\/wp-json\/wp\/v2\/tags?post=918602"},{"taxonomy":"vendi","embeddable":true,"href":"https:\/\/www.albinfo.ch\/fr\/wp-json\/wp\/v2\/vendi?post=918602"},{"taxonomy":"content_country","embeddable":true,"href":"https:\/\/www.albinfo.ch\/fr\/wp-json\/wp\/v2\/content_country?post=918602"}],"curies":[{"name":"wp","href":"https:\/\/api.w.org\/{rel}","templated":true}]}}