{"id":918738,"date":"2026-04-27T13:25:21","date_gmt":"2026-04-27T11:25:21","guid":{"rendered":"https:\/\/www.albinfo.ch\/zhegrova-drejt-largimit-nga-juventusi-klubi-po-shqyrton-shitjen-e-tij\/"},"modified":"2026-04-27T21:38:50","modified_gmt":"2026-04-27T19:38:50","slug":"zhegrova-drejt-largimit-nga-juventusi-klubi-po-shqyrton-shitjen-e-tij","status":"publish","type":"post","link":"https:\/\/www.albinfo.ch\/fr\/zhegrova-drejt-largimit-nga-juventusi-klubi-po-shqyrton-shitjen-e-tij\/","title":{"rendered":"Zhegrova vers un d\u00e9part de la Juventus, le club envisage sa vente"},"content":{"rendered":"<p data-start=\"0\" data-end=\"149\">Les chemins de la Juventus et du footballeur kosovar Edon Zhegrova semblent de plus en plus proches de se s\u00e9parer, rapporte albinfo.ch.<\/p>\n<p data-start=\"151\" data-end=\"304\">Selon les m\u00e9dias italiens, dont Calciomercato, le club examine s\u00e9rieusement la possibilit\u00e9 de vendre le joueur apr\u00e8s une premi\u00e8re saison jug\u00e9e d\u00e9cevante.<\/p>\n<p data-start=\"306\" data-end=\"575\">Les rapports soulignent que Zhegrova n\u2019a pas r\u00e9ussi \u00e0 convaincre par ses performances, avec peu de minutes de jeu et un impact limit\u00e9. L\u2019un des moments critiqu\u00e9s a \u00e9t\u00e9 le match contre Bologne le 19 avril, o\u00f9 certaines pertes de balle auraient irrit\u00e9 le staff technique.<\/p>\n<p data-start=\"577\" data-end=\"727\">Au total, l\u2019attaquant kosovar a enregistr\u00e9 un nombre limit\u00e9 d\u2019apparitions au cours de la saison, avec une moyenne de temps de jeu relativement faible.<\/p>\n<p data-start=\"729\" data-end=\"961\">Le club italien, selon les informations, \u00e9value \u00e9galement l\u2019aspect financier et n\u2019exclut pas une vente autour de 11,4 millions d\u2019euros afin d\u2019\u00e9viter des pertes plus importantes, puisqu\u2019il avait \u00e9t\u00e9 recrut\u00e9 pour un montant sup\u00e9rieur.<\/p>\n<p data-start=\"963\" data-end=\"1202\">Cependant, Zhegrova resterait concentr\u00e9 pour obtenir davantage de minutes jusqu\u2019\u00e0 la fin de la saison et tenter de changer l\u2019opinion du club. Par ailleurs, plusieurs clubs de Premier League, dont Everton, auraient manifest\u00e9 leur int\u00e9r\u00eat.<\/p>\n<p>\/Albinfo.ch<\/p>\n","protected":false},"excerpt":{"rendered":"<p>Les m\u00e9dias en Italie rapportent qu\u2019Edon Zhegrova n\u2019a pas convaincu lors de sa premi\u00e8re saison et que la &#8220;Vieille Dame&#8221; pourrait le vendre afin d\u2019\u00e9viter des pertes financi\u00e8res<\/p>\n","protected":false},"author":31,"featured_media":873354,"comment_status":"closed","ping_status":"closed","sticky":false,"template":"","format":"standard","meta":{"footnotes":""},"categories":[24630,24671,1169],"tags":[],"vendi":[],"content_country":[31835,31838,31840],"class_list":["post-918738","post","type-post","status-publish","format-standard","has-post-thumbnail","hentry","category-nouvelles","category-football","category-sport-fr","content_country-austria-fr","content_country-germany-fr","content_country-zvicer-fr"],"acf":[],"_links":{"self":[{"href":"https:\/\/www.albinfo.ch\/fr\/wp-json\/wp\/v2\/posts\/918738","targetHints":{"allow":["GET"]}}],"collection":[{"href":"https:\/\/www.albinfo.ch\/fr\/wp-json\/wp\/v2\/posts"}],"about":[{"href":"https:\/\/www.albinfo.ch\/fr\/wp-json\/wp\/v2\/types\/post"}],"author":[{"embeddable":true,"href":"https:\/\/www.albinfo.ch\/fr\/wp-json\/wp\/v2\/users\/31"}],"replies":[{"embeddable":true,"href":"https:\/\/www.albinfo.ch\/fr\/wp-json\/wp\/v2\/comments?post=918738"}],"version-history":[{"count":2,"href":"https:\/\/www.albinfo.ch\/fr\/wp-json\/wp\/v2\/posts\/918738\/revisions"}],"predecessor-version":[{"id":918741,"href":"https:\/\/www.albinfo.ch\/fr\/wp-json\/wp\/v2\/posts\/918738\/revisions\/918741"}],"wp:featuredmedia":[{"embeddable":true,"href":"https:\/\/www.albinfo.ch\/fr\/wp-json\/wp\/v2\/media\/873354"}],"wp:attachment":[{"href":"https:\/\/www.albinfo.ch\/fr\/wp-json\/wp\/v2\/media?parent=918738"}],"wp:term":[{"taxonomy":"category","embeddable":true,"href":"https:\/\/www.albinfo.ch\/fr\/wp-json\/wp\/v2\/categories?post=918738"},{"taxonomy":"post_tag","embeddable":true,"href":"https:\/\/www.albinfo.ch\/fr\/wp-json\/wp\/v2\/tags?post=918738"},{"taxonomy":"vendi","embeddable":true,"href":"https:\/\/www.albinfo.ch\/fr\/wp-json\/wp\/v2\/vendi?post=918738"},{"taxonomy":"content_country","embeddable":true,"href":"https:\/\/www.albinfo.ch\/fr\/wp-json\/wp\/v2\/content_country?post=918738"}],"curies":[{"name":"wp","href":"https:\/\/api.w.org\/{rel}","templated":true}]}}