{"id":918817,"date":"2026-04-27T19:00:17","date_gmt":"2026-04-27T17:00:17","guid":{"rendered":"https:\/\/www.albinfo.ch\/festivali-i-filmit-kino-kosova-2026\/"},"modified":"2026-04-27T22:42:59","modified_gmt":"2026-04-27T20:42:59","slug":"festivali-i-filmit-kino-kosova-2026","status":"publish","type":"post","link":"https:\/\/www.albinfo.ch\/fr\/festivali-i-filmit-kino-kosova-2026\/","title":{"rendered":"Le 14 mai d\u00e9bute \u00e0 Zurich le Festival du film &#8220;Kino Kosova 2026&#8221;"},"content":{"rendered":"<p data-start=\"0\" data-end=\"185\">Du 14 au 17 mai, le Festival du film Kino Kosova revient \u00e0 Zurich pour sa cinqui\u00e8me \u00e9dition, avec un programme culturel riche comprenant 23 films, un concert et un DJ set.<\/p>\n<p data-start=\"187\" data-end=\"618\">&#8220;Cette \u00e9dition s\u2019inscrit dans un concept plus large qui se d\u00e9roule dans deux villes. Zurich, avec l\u2019\u00e9dition de mai, marque l\u2019ouverture du festival, tandis que le programme se poursuit en septembre \u00e0 Berne. De cette mani\u00e8re, le festival relie les villes, le public et diff\u00e9rentes histoires, en cr\u00e9ant un dialogue continu fa\u00e7onn\u00e9 par chaque lieu o\u00f9 il se d\u00e9roule&#8221;, indique le communiqu\u00e9 de presse de l\u2019organisateur, \u00e9crit albinfo.ch.<\/p>\n<p data-start=\"620\" data-end=\"910\">Le th\u00e8me de cette ann\u00e9e, &#8220;Entre r\u00e9sistance et paradis, histoires de survie et d\u2019espoir&#8221;, met en lumi\u00e8re des r\u00e9cits fa\u00e7onn\u00e9s par les d\u00e9fis et \u00e9clair\u00e9s par la r\u00e9silience. Les films abordent la survie comme une exp\u00e9rience r\u00e9elle et v\u00e9cue, transmise entre g\u00e9n\u00e9rations et au del\u00e0 des fronti\u00e8res.<\/p>\n<p data-start=\"912\" data-end=\"1318\">Le programme inclut des histoires personnelles ainsi que des r\u00e9alit\u00e9s sociales plus larges. Il met en avant des voix du Kosovo et de la r\u00e9gion, qui r\u00e9sonnent bien au del\u00e0 des fronti\u00e8res. \u00c0 une \u00e9poque o\u00f9 le monde fait face \u00e0 des in\u00e9galit\u00e9s croissantes, des d\u00e9placements et de nouveaux conflits, ces r\u00e9cits parlent d\u2019exp\u00e9riences communes, la qu\u00eate de dignit\u00e9, le d\u00e9sir de libert\u00e9 et le besoin d\u2019appartenance.<\/p>\n<p data-start=\"1320\" data-end=\"1625\">En m\u00eame temps, le festival soul\u00e8ve plusieurs questions, que devient la m\u00e9moire dans des soci\u00e9t\u00e9s vivant dans la stabilit\u00e9 et le confort, se souvient on du prix de la libert\u00e9 une fois qu\u2019elle est atteinte, et comment continuer \u00e0 r\u00e9sister, non seulement en p\u00e9riode de crise mais aussi en p\u00e9riode de confort.<\/p>\n<p data-start=\"1627\" data-end=\"2007\">En revenant aux racines, aux histoires, aux blessures et aux moments d\u2019espoir, Kino Kosova consid\u00e8re le cin\u00e9ma comme une forme de r\u00e9sistance et un espace de r\u00e9flexion. Avec un programme soigneusement \u00e9labor\u00e9, accompagn\u00e9 de musique et de rencontres avec le public, l\u2019\u00e9dition de Zurich invite le public \u00e0 r\u00e9fl\u00e9chir, \u00e0 cr\u00e9er des liens et \u00e0 partager une exp\u00e9rience culturelle commune.<\/p>\n<p data-start=\"2009\" data-end=\"2281\">En r\u00e9unissant cin\u00e9ma, musique et discussions, Kino Kosova \u00e0 Zurich vise \u00e0 cr\u00e9er une plateforme ouverte et accessible pour les r\u00e9cits et le dialogue, mettant en avant des voix et des perspectives qui r\u00e9sonnent tant au niveau local qu\u2019international, conclut le communiqu\u00e9.<\/p>\n<p><a href=\"https:\/\/www.albinfo.ch\/wp-content\/uploads\/2026\/04\/kk26zh_newsletter.jpg\"><img loading=\"lazy\" decoding=\"async\" class=\"alignnone wp-image-918678\" src=\"https:\/\/www.albinfo.ch\/wp-content\/uploads\/2026\/04\/kk26zh_newsletter.jpg\" alt=\"\" width=\"800\" height=\"200\" srcset=\"https:\/\/www.albinfo.ch\/wp-content\/uploads\/2026\/04\/kk26zh_newsletter.jpg 2000w, https:\/\/www.albinfo.ch\/wp-content\/uploads\/2026\/04\/kk26zh_newsletter-300x75.jpg 300w, https:\/\/www.albinfo.ch\/wp-content\/uploads\/2026\/04\/kk26zh_newsletter-1024x256.jpg 1024w, https:\/\/www.albinfo.ch\/wp-content\/uploads\/2026\/04\/kk26zh_newsletter-768x192.jpg 768w, https:\/\/www.albinfo.ch\/wp-content\/uploads\/2026\/04\/kk26zh_newsletter-1536x384.jpg 1536w, https:\/\/www.albinfo.ch\/wp-content\/uploads\/2026\/04\/kk26zh_newsletter-587x147.jpg 587w, https:\/\/www.albinfo.ch\/wp-content\/uploads\/2026\/04\/kk26zh_newsletter-180x45.jpg 180w, https:\/\/www.albinfo.ch\/wp-content\/uploads\/2026\/04\/kk26zh_newsletter-265x66.jpg 265w\" sizes=\"auto, (max-width: 800px) 100vw, 800px\" \/><\/a><\/p>\n<p data-start=\"0\" data-end=\"70\"><strong>D\u00e9but du programme le 14 mai au cin\u00e9ma Riffraff \u00e0 Zurich<\/strong><\/p>\n<p data-start=\"72\" data-end=\"501\">14 05 26 jeudi 19:00 programme d\u2019ouverture et projection des deux premiers films<br data-start=\"152\" data-end=\"155\" \/>Film PALLATI I RINIS\u00cb suivi de questions r\u00e9ponses d\u00e9bat apr\u00e8s le film<br data-start=\"224\" data-end=\"227\" \/>R\u00e9alis\u00e9 par Maddie Gwinn Allemagne \u00c9tats Unis 2025 66 min version originale albanais anglais sous titres allemand anglais<br data-start=\"348\" data-end=\"351\" \/>\u2022 21:00 film ERA suivi de questions r\u00e9ponses<br data-start=\"395\" data-end=\"398\" \/>R\u00e9alis\u00e9 par Parta Kelmendi Kosovo 2025 94 min version originale albanais sous titres allemand anglais<\/p>\n<p>&nbsp;<\/p>\n","protected":false},"excerpt":{"rendered":"<p>La 5e \u00e9dition \u00e0 Zurich du 14 au 17 mai se d\u00e9roule sous le th\u00e8me &#8220;Entre r\u00e9sistance et paradis, histoires de survie et d\u2019espoir&#8221;<\/p>\n","protected":false},"author":4,"featured_media":918676,"comment_status":"closed","ping_status":"closed","sticky":false,"template":"","format":"standard","meta":{"footnotes":""},"categories":[1171,24666,3949,18826,24630,1159,1168,1170,1182],"tags":[],"vendi":[31859],"content_country":[31835,31838,31840],"class_list":["post-918817","post","type-post","status-publish","format-standard","has-post-thumbnail","hentry","category-thematique","category-cinema","category-kosova-fr","category-lajme-jeta-ne-zvicer-fr","category-nouvelles","category-ch-balkans","category-culture","category-vivre-en-suisse","category-agenda","vendi-zurich","content_country-austria-fr","content_country-germany-fr","content_country-zvicer-fr"],"acf":[],"_links":{"self":[{"href":"https:\/\/www.albinfo.ch\/fr\/wp-json\/wp\/v2\/posts\/918817","targetHints":{"allow":["GET"]}}],"collection":[{"href":"https:\/\/www.albinfo.ch\/fr\/wp-json\/wp\/v2\/posts"}],"about":[{"href":"https:\/\/www.albinfo.ch\/fr\/wp-json\/wp\/v2\/types\/post"}],"author":[{"embeddable":true,"href":"https:\/\/www.albinfo.ch\/fr\/wp-json\/wp\/v2\/users\/4"}],"replies":[{"embeddable":true,"href":"https:\/\/www.albinfo.ch\/fr\/wp-json\/wp\/v2\/comments?post=918817"}],"version-history":[{"count":2,"href":"https:\/\/www.albinfo.ch\/fr\/wp-json\/wp\/v2\/posts\/918817\/revisions"}],"predecessor-version":[{"id":918820,"href":"https:\/\/www.albinfo.ch\/fr\/wp-json\/wp\/v2\/posts\/918817\/revisions\/918820"}],"wp:featuredmedia":[{"embeddable":true,"href":"https:\/\/www.albinfo.ch\/fr\/wp-json\/wp\/v2\/media\/918676"}],"wp:attachment":[{"href":"https:\/\/www.albinfo.ch\/fr\/wp-json\/wp\/v2\/media?parent=918817"}],"wp:term":[{"taxonomy":"category","embeddable":true,"href":"https:\/\/www.albinfo.ch\/fr\/wp-json\/wp\/v2\/categories?post=918817"},{"taxonomy":"post_tag","embeddable":true,"href":"https:\/\/www.albinfo.ch\/fr\/wp-json\/wp\/v2\/tags?post=918817"},{"taxonomy":"vendi","embeddable":true,"href":"https:\/\/www.albinfo.ch\/fr\/wp-json\/wp\/v2\/vendi?post=918817"},{"taxonomy":"content_country","embeddable":true,"href":"https:\/\/www.albinfo.ch\/fr\/wp-json\/wp\/v2\/content_country?post=918817"}],"curies":[{"name":"wp","href":"https:\/\/api.w.org\/{rel}","templated":true}]}}