{"id":919082,"date":"2026-04-28T11:15:54","date_gmt":"2026-04-28T09:15:54","guid":{"rendered":"https:\/\/www.albinfo.ch\/hoffenheimi-rikthehet-ne-ligen-e-evropes-asllani-hajdari-dhe-avdullahu-vendimtare-ne-suksesin-historik\/"},"modified":"2026-04-28T20:07:03","modified_gmt":"2026-04-28T18:07:03","slug":"hoffenheimi-rikthehet-ne-ligen-e-evropes-asllani-hajdari-dhe-avdullahu-vendimtare-ne-suksesin-historik","status":"publish","type":"post","link":"https:\/\/www.albinfo.ch\/fr\/hoffenheimi-rikthehet-ne-ligen-e-evropes-asllani-hajdari-dhe-avdullahu-vendimtare-ne-suksesin-historik\/","title":{"rendered":"Hoffenheim retrouve la Ligue Europa, Asllani, Hajdari et Avdullahu d\u00e9cisifs dans ce succ\u00e8s historique"},"content":{"rendered":"<p data-start=\"0\" data-end=\"380\">Hoffenheim n\u2019est pas consid\u00e9r\u00e9 comme l\u2019un des grands clubs du football allemand, mais son histoire reste l\u2019un des r\u00e9cits les plus particuliers d\u2019une ascension rapide en Bundesliga. En 2000, l\u2019\u00e9quipe \u00e9voluait en cinqui\u00e8me division allemande, tandis qu\u2019en 2008 elle a acc\u00e9d\u00e9 pour la premi\u00e8re fois \u00e0 la Bundesliga, o\u00f9 elle se maintient depuis lors, rapporte albinfo.ch.<\/p>\n<p data-start=\"382\" data-end=\"792\">Sur la sc\u00e8ne europ\u00e9enne \u00e9galement, Hoffenheim poss\u00e8de une histoire relativement r\u00e9cente. Le club a particip\u00e9 pour la premi\u00e8re fois aux comp\u00e9titions europ\u00e9ennes lors de la saison 2017 18, puis a fait ses d\u00e9buts en phase de groupes de la Ligue des champions en 2018 19, ce qui reste jusqu\u2019\u00e0 pr\u00e9sent sa seule apparition \u00e0 ce niveau. Par la suite, il est revenu en Ligue Europa lors des saisons 2020 21 et 2024 25.<\/p>\n<p data-start=\"794\" data-end=\"1086\">D\u00e9sormais, Hoffenheim a assur\u00e9 sa participation pour la cinqui\u00e8me fois de son histoire aux comp\u00e9titions europ\u00e9ennes, confirmant sa qualification pour la saison 2026 27. La Ligue Europa est d\u00e9j\u00e0 garantie, tandis que le prochain objectif est une place qualificative pour la Ligue des champions.<\/p>\n<p data-start=\"1088\" data-end=\"1391\">L\u2019int\u00e9r\u00eat au Kosovo pour ce club a nettement augment\u00e9 pour une raison \u00e9vidente, Hoffenheim compte dans son effectif trois internationaux kosovars, d\u00e9sormais parmi les joueurs les plus importants de l\u2019\u00e9quipe, l\u2019attaquant Fisnik Asllani, le milieu de terrain Leon Avdullahu et le d\u00e9fenseur Albian Hajdari.<\/p>\n<p data-start=\"1393\" data-end=\"1624\">Lors de la derni\u00e8re victoire 2 1 contre Hambourg \u00e0 l\u2019ext\u00e9rieur, match qui a scell\u00e9 la qualification europ\u00e9enne, Asllani a marqu\u00e9 un but tandis que Hajdari a d\u00e9livr\u00e9 une passe d\u00e9cisive, contribuant directement au succ\u00e8s de l\u2019\u00e9quipe.<\/p>\n<p data-start=\"1626\" data-end=\"1882\">&#8220;Hoffenheim s\u2019est qualifi\u00e9 pour les comp\u00e9titions europ\u00e9ennes pour la cinqui\u00e8me fois de l\u2019histoire du club. La victoire contre Hambourg garantit une place dans le top six du classement de la Bundesliga&#8221;, a \u00e9crit le club sur son site officiel apr\u00e8s le match.<\/p>\n<p data-start=\"1884\" data-end=\"2259\">Le directeur sportif de Hoffenheim, Andreas Schicker, a qualifi\u00e9 ce succ\u00e8s de r\u00e9compense m\u00e9rit\u00e9e pour le travail de tout le club. \u201cLa qualification europ\u00e9enne est une r\u00e9ussite fantastique et une r\u00e9compense largement m\u00e9rit\u00e9e pour le travail acharn\u00e9 de l\u2019\u00e9quipe, du staff technique et de toutes les personnes impliqu\u00e9es\u201d, a t il d\u00e9clar\u00e9, ajoutant que l\u2019\u00e9quipe reste ambitieuse.<\/p>\n<p data-start=\"2261\" data-end=\"2743\">En r\u00e9alit\u00e9, Hoffenheim n\u2019a pas encore termin\u00e9 sa course vers son objectif maximal. Le prochain match contre Stuttgart s\u2019annonce d\u00e9cisif pour la quatri\u00e8me place en Bundesliga, qui assure une qualification directe en Ligue des champions. Il existe aussi une possibilit\u00e9 que la cinqui\u00e8me place donne acc\u00e8s \u00e0 la Ligue des champions, mais cela d\u00e9pend des r\u00e9sultats des clubs allemands dans les comp\u00e9titions europ\u00e9ennes, comme le Bayern en Ligue des champions et Fribourg en Ligue Europa.<\/p>\n<p data-start=\"2745\" data-end=\"3124\">Par ailleurs, les joueurs kosovars continuent de jouer un r\u00f4le important dans l\u2019\u00e9quipe. Hajdari a d\u00e9j\u00e0 prolong\u00e9 son contrat \u00e0 long terme avec de meilleures conditions, tandis qu\u2019un nouveau contrat pour Avdullahu devrait \u00eatre officialis\u00e9 prochainement. Quant \u00e0 Fisnik Asllani, la possibilit\u00e9 d\u2019un transfert vers un club europ\u00e9en plus important cet \u00e9t\u00e9 est de plus en plus \u00e9voqu\u00e9e.<\/p>\n<p data-start=\"3126\" data-end=\"3454\">Apr\u00e8s la victoire contre Hambourg, Asllani s\u2019est dit heureux du succ\u00e8s de son \u00e9quipe. &#8220;Nous sommes tr\u00e8s contents d\u2019avoir atteint notre objectif de qualification pour l\u2019Europe. Personne n\u2019aurait cru cela avant le d\u00e9but de la saison. Maintenant, nous voulons aussi gagner le match contre Stuttgart&#8221;, a d\u00e9clar\u00e9 l\u2019attaquant kosovar.<\/p>\n<p data-start=\"3456\" data-end=\"3797\">Apr\u00e8s le duel contre Stuttgart, Hoffenheim jouera \u00e0 l\u2019ext\u00e9rieur contre le Werder Br\u00eame, puis lors de la derni\u00e8re journ\u00e9e contre le Borussia M\u00f6nchengladbach. Apr\u00e8s la 31e journ\u00e9e, l\u2019\u00e9quipe compte 57 points \u00e0 la cinqui\u00e8me place, autant que Stuttgart \u00e0 la quatri\u00e8me position, rendant la course \u00e0 la Ligue des champions particuli\u00e8rement ouverte.<\/p>\n<p data-start=\"3799\" data-end=\"4030\">Dans une saison inattendue, Hoffenheim n\u2019a pas seulement assur\u00e9 sa place en Europe, mais gr\u00e2ce aussi \u00e0 la contribution des trois internationaux kosovars, vise \u00e0 faire de cette saison l\u2019une des plus r\u00e9ussies de l\u2019histoire du club.<\/p>\n","protected":false},"excerpt":{"rendered":"<p>Les trois internationaux du Kosovo comptent parmi les plus importants de cette \u00e9quipe, l\u2019attaquant Fisnik Asllani, le milieu de terrain Leon Avdullahu et le d\u00e9fenseur Albian Hajdari<\/p>\n","protected":false},"author":31,"featured_media":900560,"comment_status":"closed","ping_status":"closed","sticky":false,"template":"","format":"standard","meta":{"footnotes":""},"categories":[24630,24671,1169],"tags":[],"vendi":[],"content_country":[31835,31838,31840],"class_list":["post-919082","post","type-post","status-publish","format-standard","has-post-thumbnail","hentry","category-nouvelles","category-football","category-sport-fr","content_country-austria-fr","content_country-germany-fr","content_country-zvicer-fr"],"acf":[],"_links":{"self":[{"href":"https:\/\/www.albinfo.ch\/fr\/wp-json\/wp\/v2\/posts\/919082","targetHints":{"allow":["GET"]}}],"collection":[{"href":"https:\/\/www.albinfo.ch\/fr\/wp-json\/wp\/v2\/posts"}],"about":[{"href":"https:\/\/www.albinfo.ch\/fr\/wp-json\/wp\/v2\/types\/post"}],"author":[{"embeddable":true,"href":"https:\/\/www.albinfo.ch\/fr\/wp-json\/wp\/v2\/users\/31"}],"replies":[{"embeddable":true,"href":"https:\/\/www.albinfo.ch\/fr\/wp-json\/wp\/v2\/comments?post=919082"}],"version-history":[{"count":2,"href":"https:\/\/www.albinfo.ch\/fr\/wp-json\/wp\/v2\/posts\/919082\/revisions"}],"predecessor-version":[{"id":919085,"href":"https:\/\/www.albinfo.ch\/fr\/wp-json\/wp\/v2\/posts\/919082\/revisions\/919085"}],"wp:featuredmedia":[{"embeddable":true,"href":"https:\/\/www.albinfo.ch\/fr\/wp-json\/wp\/v2\/media\/900560"}],"wp:attachment":[{"href":"https:\/\/www.albinfo.ch\/fr\/wp-json\/wp\/v2\/media?parent=919082"}],"wp:term":[{"taxonomy":"category","embeddable":true,"href":"https:\/\/www.albinfo.ch\/fr\/wp-json\/wp\/v2\/categories?post=919082"},{"taxonomy":"post_tag","embeddable":true,"href":"https:\/\/www.albinfo.ch\/fr\/wp-json\/wp\/v2\/tags?post=919082"},{"taxonomy":"vendi","embeddable":true,"href":"https:\/\/www.albinfo.ch\/fr\/wp-json\/wp\/v2\/vendi?post=919082"},{"taxonomy":"content_country","embeddable":true,"href":"https:\/\/www.albinfo.ch\/fr\/wp-json\/wp\/v2\/content_country?post=919082"}],"curies":[{"name":"wp","href":"https:\/\/api.w.org\/{rel}","templated":true}]}}