{"id":919147,"date":"2026-04-28T19:10:42","date_gmt":"2026-04-28T17:10:42","guid":{"rendered":"https:\/\/www.albinfo.ch\/shqiperi-shba-nenshkruhet-marreveshja-per-gazin-me-vlere-6-miliarde-dollare\/"},"modified":"2026-04-28T21:17:48","modified_gmt":"2026-04-28T19:17:48","slug":"shqiperi-shba-nenshkruhet-marreveshja-per-gazin-me-vlere-6-miliarde-dollare","status":"publish","type":"post","link":"https:\/\/www.albinfo.ch\/fr\/shqiperi-shba-nenshkruhet-marreveshja-per-gazin-me-vlere-6-miliarde-dollare\/","title":{"rendered":"Albanie \u00c9tats Unis, signature d\u2019un accord sur le gaz d\u2019une valeur de 6 milliards de dollars"},"content":{"rendered":"<p data-start=\"0\" data-end=\"420\">L\u2019Albanie a sign\u00e9 aujourd\u2019hui le m\u00e9morandum pour le d\u00e9veloppement du hub \u00e9nerg\u00e9tique de Vlora ainsi qu\u2019un accord cadre de 6 milliards de dollars pour l\u2019approvisionnement en gaz naturel liqu\u00e9fi\u00e9, des \u00e9tapes importantes vers la diversification des sources d\u2019\u00e9nergie et le renforcement de l\u2019ind\u00e9pendance \u00e9nerg\u00e9tique, en \u00e9troite coop\u00e9ration avec les \u00c9tats Unis et en interaction concr\u00e8te avec la Gr\u00e8ce voisine.<\/p>\n<p data-start=\"422\" data-end=\"659\">Lors de la c\u00e9r\u00e9monie de signature, l\u2019ambassadrice des \u00c9tats Unis en Gr\u00e8ce, Kimberly Guilfoyle, \u00e9tait \u00e9galement pr\u00e9sente et a d\u00e9clar\u00e9 que l\u2019Albanie joue un r\u00f4le croissant en tant que lien dans les Balkans occidentaux, rapporte albinfo.ch.<\/p>\n<p data-start=\"661\" data-end=\"1253\">&#8220;Deux accords tr\u00e8s importants sont sign\u00e9s aujourd\u2019hui, notamment l\u2019accord de 6 milliards de dollars pour le gaz naturel liqu\u00e9fi\u00e9, qui montre que l\u2019Albanie joue un r\u00f4le de plus en plus important comme lien dans les Balkans occidentaux. Dans le secteur \u00e9nerg\u00e9tique, s\u00e9curit\u00e9 et prosp\u00e9rit\u00e9 vont de pair. Le m\u00e9morandum d\u2019entente pour l\u2019\u00e9tude, le d\u00e9veloppement, la construction et la mise en service d\u2019un centre \u00e9nerg\u00e9tique essentiel, incluant une installation de gaz, d\u00e9montre l\u2019importance que le gouvernement albanais accorde \u00e0 une \u00e9nergie durable au b\u00e9n\u00e9fice des citoyens&#8221;, a d\u00e9clar\u00e9 Guilfoyle.<\/p>\n<p data-start=\"1255\" data-end=\"1466\">De son c\u00f4t\u00e9, le Premier ministre albanais Edi Rama a affirm\u00e9 que cet accord devrait apporter un investissement majeur dans le pays, transformant Vlora en un point strat\u00e9gique pour l\u2019\u00e9nergie en Europe du Sud Est.<\/p>\n<p data-start=\"1468\" data-end=\"2003\">&#8220;Imm\u00e9diatement apr\u00e8s nos discussions avec les responsables \u00e0 Washington, nous avons aujourd\u2019hui un accord exceptionnel qui apportera un investissement tr\u00e8s important, des technologies modernes et des accords d\u2019approvisionnement. Ainsi, Vlora deviendra un point cl\u00e9 pour l\u2019\u00e9nergie en Europe du Sud Est. Je tiens \u00e9galement \u00e0 souligner l\u2019importance de renforcer la coop\u00e9ration entre l\u2019Albanie et la Gr\u00e8ce, notamment en mati\u00e8re d\u2019approvisionnement \u00e9nerg\u00e9tique, de production et de r\u00e9silience de l\u2019ind\u00e9pendance \u00e9nerg\u00e9tique&#8221;, a d\u00e9clar\u00e9 Rama.<\/p>\n<p data-start=\"2005\" data-end=\"2254\">Selon lui, &#8220;en positionnant l\u2019Albanie comme un point de connexion, le flux \u00e9nerg\u00e9tique traverse les Balkans occidentaux, contribue \u00e0 la stabilit\u00e9 de la r\u00e9gion et renforce la s\u00e9curit\u00e9 \u00e9nerg\u00e9tique des pays voisins, ce qui constitue une grande fiert\u00e9&#8221;.<\/p>\n","protected":false},"excerpt":{"rendered":"<p>L\u2019ambassadrice des \u00c9tats Unis en Gr\u00e8ce, Kimberly Guilfoyle, a d\u00e9clar\u00e9 dans son discours que l\u2019Albanie joue un r\u00f4le croissant en tant que lien dans les Balkans occidentaux<\/p>\n","protected":false},"author":14,"featured_media":919044,"comment_status":"closed","ping_status":"closed","sticky":false,"template":"","format":"standard","meta":{"footnotes":""},"categories":[3943,1159],"tags":[],"vendi":[],"content_country":[31835,31838,31840],"class_list":["post-919147","post","type-post","status-publish","format-standard","has-post-thumbnail","hentry","category-shqiperia-fr","category-ch-balkans","content_country-austria-fr","content_country-germany-fr","content_country-zvicer-fr"],"acf":[],"_links":{"self":[{"href":"https:\/\/www.albinfo.ch\/fr\/wp-json\/wp\/v2\/posts\/919147","targetHints":{"allow":["GET"]}}],"collection":[{"href":"https:\/\/www.albinfo.ch\/fr\/wp-json\/wp\/v2\/posts"}],"about":[{"href":"https:\/\/www.albinfo.ch\/fr\/wp-json\/wp\/v2\/types\/post"}],"author":[{"embeddable":true,"href":"https:\/\/www.albinfo.ch\/fr\/wp-json\/wp\/v2\/users\/14"}],"replies":[{"embeddable":true,"href":"https:\/\/www.albinfo.ch\/fr\/wp-json\/wp\/v2\/comments?post=919147"}],"version-history":[{"count":2,"href":"https:\/\/www.albinfo.ch\/fr\/wp-json\/wp\/v2\/posts\/919147\/revisions"}],"predecessor-version":[{"id":919150,"href":"https:\/\/www.albinfo.ch\/fr\/wp-json\/wp\/v2\/posts\/919147\/revisions\/919150"}],"wp:featuredmedia":[{"embeddable":true,"href":"https:\/\/www.albinfo.ch\/fr\/wp-json\/wp\/v2\/media\/919044"}],"wp:attachment":[{"href":"https:\/\/www.albinfo.ch\/fr\/wp-json\/wp\/v2\/media?parent=919147"}],"wp:term":[{"taxonomy":"category","embeddable":true,"href":"https:\/\/www.albinfo.ch\/fr\/wp-json\/wp\/v2\/categories?post=919147"},{"taxonomy":"post_tag","embeddable":true,"href":"https:\/\/www.albinfo.ch\/fr\/wp-json\/wp\/v2\/tags?post=919147"},{"taxonomy":"vendi","embeddable":true,"href":"https:\/\/www.albinfo.ch\/fr\/wp-json\/wp\/v2\/vendi?post=919147"},{"taxonomy":"content_country","embeddable":true,"href":"https:\/\/www.albinfo.ch\/fr\/wp-json\/wp\/v2\/content_country?post=919147"}],"curies":[{"name":"wp","href":"https:\/\/api.w.org\/{rel}","templated":true}]}}