{"id":919475,"date":"2026-04-29T13:45:30","date_gmt":"2026-04-29T11:45:30","guid":{"rendered":"https:\/\/www.albinfo.ch\/remitancat-ne-rritje-diaspora-vazhdon-te-mbeshtese-ekonomine-shqiptare\/"},"modified":"2026-04-29T23:06:08","modified_gmt":"2026-04-29T21:06:08","slug":"remitancat-ne-rritje-diaspora-vazhdon-te-mbeshtese-ekonomine-shqiptare","status":"publish","type":"post","link":"https:\/\/www.albinfo.ch\/fr\/remitancat-ne-rritje-diaspora-vazhdon-te-mbeshtese-ekonomine-shqiptare\/","title":{"rendered":"Les transferts d\u2019argent en hausse, la diaspora continue de soutenir l\u2019\u00e9conomie albanaise"},"content":{"rendered":"<p data-start=\"0\" data-end=\"300\">Les transferts d\u2019argent de la diaspora albanaise continuent leur tendance \u00e0 la hausse, envoyant un signal positif pour l\u2019\u00e9conomie du pays et d\u00e9montrant une fois de plus le r\u00f4le cl\u00e9 des \u00e9migrants dans le soutien financier des familles et du d\u00e9veloppement \u00e9conomique, rapporte albinfo.ch.<\/p>\n<p data-start=\"302\" data-end=\"437\">Selon les donn\u00e9es publi\u00e9es, les transferts ont augment\u00e9 en 2025 pour atteindre 1,1 milliard de lek, contre 1,0 milliard de lek en 2024.<\/p>\n<p data-start=\"439\" data-end=\"642\">Cela repr\u00e9sente une hausse annuelle de 5,9%, refl\u00e9tant non seulement les liens forts de la diaspora avec le pays d\u2019origine, mais aussi une source stable de revenus pour de nombreuses familles en Albanie.<\/p>\n<p data-start=\"644\" data-end=\"861\">Les experts estiment que les transferts restent un facteur important de stabilit\u00e9 \u00e9conomique, car ils influencent directement la consommation des m\u00e9nages, le bien \u00eatre social et la circulation financi\u00e8re dans le pays.<\/p>\n<p data-start=\"863\" data-end=\"1024\">La croissance continue de ces envois est consid\u00e9r\u00e9e comme un indicateur de la confiance de la diaspora et un soutien important en p\u00e9riode de d\u00e9fis \u00e9conomiques.\/Albinfo.ch<\/p>\n<p><img loading=\"lazy\" decoding=\"async\" class=\"alignnone wp-image-919341\" src=\"https:\/\/www.albinfo.ch\/wp-content\/uploads\/2026\/04\/img_9144-1024x683.jpeg\" alt=\"\" width=\"500\" height=\"333\" srcset=\"https:\/\/www.albinfo.ch\/wp-content\/uploads\/2026\/04\/img_9144-1024x683.jpeg 1024w, https:\/\/www.albinfo.ch\/wp-content\/uploads\/2026\/04\/img_9144-300x200.jpeg 300w, https:\/\/www.albinfo.ch\/wp-content\/uploads\/2026\/04\/img_9144-768x512.jpeg 768w, https:\/\/www.albinfo.ch\/wp-content\/uploads\/2026\/04\/img_9144-586x389.jpeg 586w, https:\/\/www.albinfo.ch\/wp-content\/uploads\/2026\/04\/img_9144-210x141.jpeg 210w, https:\/\/www.albinfo.ch\/wp-content\/uploads\/2026\/04\/img_9144-587x391.jpeg 587w, https:\/\/www.albinfo.ch\/wp-content\/uploads\/2026\/04\/img_9144-150x100.jpeg 150w, https:\/\/www.albinfo.ch\/wp-content\/uploads\/2026\/04\/img_9144-263x175.jpeg 263w, https:\/\/www.albinfo.ch\/wp-content\/uploads\/2026\/04\/img_9144.jpeg 1536w\" sizes=\"auto, (max-width: 500px) 100vw, 500px\" \/><\/p>\n","protected":false},"excerpt":{"rendered":"<p>Albanie, les transferts des \u00e9migrants ont augment\u00e9 de 5,9% en 2025, atteignant 1,1 milliard de lek contre 1,0 milliard en 2024<\/p>\n","protected":false},"author":31,"featured_media":886011,"comment_status":"closed","ping_status":"closed","sticky":false,"template":"","format":"standard","meta":{"footnotes":""},"categories":[24637,3949,8183,19748,24630,1159,1163],"tags":[],"vendi":[],"content_country":[31835,31838,31840],"class_list":["post-919475","post","type-post","status-publish","format-standard","has-post-thumbnail","hentry","category-nouvelles-fr-4","category-kosova-fr","category-finances-fr","category-economie","category-nouvelles","category-ch-balkans","category-fr-e-diaspora","content_country-austria-fr","content_country-germany-fr","content_country-zvicer-fr"],"acf":[],"_links":{"self":[{"href":"https:\/\/www.albinfo.ch\/fr\/wp-json\/wp\/v2\/posts\/919475","targetHints":{"allow":["GET"]}}],"collection":[{"href":"https:\/\/www.albinfo.ch\/fr\/wp-json\/wp\/v2\/posts"}],"about":[{"href":"https:\/\/www.albinfo.ch\/fr\/wp-json\/wp\/v2\/types\/post"}],"author":[{"embeddable":true,"href":"https:\/\/www.albinfo.ch\/fr\/wp-json\/wp\/v2\/users\/31"}],"replies":[{"embeddable":true,"href":"https:\/\/www.albinfo.ch\/fr\/wp-json\/wp\/v2\/comments?post=919475"}],"version-history":[{"count":2,"href":"https:\/\/www.albinfo.ch\/fr\/wp-json\/wp\/v2\/posts\/919475\/revisions"}],"predecessor-version":[{"id":919478,"href":"https:\/\/www.albinfo.ch\/fr\/wp-json\/wp\/v2\/posts\/919475\/revisions\/919478"}],"wp:featuredmedia":[{"embeddable":true,"href":"https:\/\/www.albinfo.ch\/fr\/wp-json\/wp\/v2\/media\/886011"}],"wp:attachment":[{"href":"https:\/\/www.albinfo.ch\/fr\/wp-json\/wp\/v2\/media?parent=919475"}],"wp:term":[{"taxonomy":"category","embeddable":true,"href":"https:\/\/www.albinfo.ch\/fr\/wp-json\/wp\/v2\/categories?post=919475"},{"taxonomy":"post_tag","embeddable":true,"href":"https:\/\/www.albinfo.ch\/fr\/wp-json\/wp\/v2\/tags?post=919475"},{"taxonomy":"vendi","embeddable":true,"href":"https:\/\/www.albinfo.ch\/fr\/wp-json\/wp\/v2\/vendi?post=919475"},{"taxonomy":"content_country","embeddable":true,"href":"https:\/\/www.albinfo.ch\/fr\/wp-json\/wp\/v2\/content_country?post=919475"}],"curies":[{"name":"wp","href":"https:\/\/api.w.org\/{rel}","templated":true}]}}