{"id":919492,"date":"2026-04-29T15:32:23","date_gmt":"2026-04-29T13:32:23","guid":{"rendered":"https:\/\/www.albinfo.ch\/ne-lozane-hapet-ekspozita-tresors-vestimentaires-kushtuar-veshjeve-tradicionale-shqiptare\/"},"modified":"2026-04-29T23:24:15","modified_gmt":"2026-04-29T21:24:15","slug":"ne-lozane-hapet-ekspozita-tresors-vestimentaires-kushtuar-veshjeve-tradicionale-shqiptare","status":"publish","type":"post","link":"https:\/\/www.albinfo.ch\/fr\/ne-lozane-hapet-ekspozita-tresors-vestimentaires-kushtuar-veshjeve-tradicionale-shqiptare\/","title":{"rendered":"\u00c0 Lausanne s\u2019ouvre l\u2019exposition &#8220;Tr\u00e9sors Vestimentaires&#8221;, consacr\u00e9e aux v\u00eatements traditionnels albanais"},"content":{"rendered":"<p data-start=\"0\" data-end=\"244\">Le 2 mai 2026, dans les locaux de l\u2019Universit\u00e9 de Lausanne UNIL, se tiendra l\u2019exposition &#8220;Tr\u00e9sors Vestimentaires&#8221;, un \u00e9v\u00e9nement culturel particulier consacr\u00e9 \u00e0 la richesse des v\u00eatements traditionnels albanais, rapporte albinfo.ch.<\/p>\n<p data-start=\"246\" data-end=\"437\">L\u2019exposition aura lieu de 13:00 \u00e0 18:00 dans le b\u00e2timent G\u00e9opolis, salle 1612, et pr\u00e9sentera au public une collection rare de costumes traditionnels albanais provenant de diff\u00e9rentes r\u00e9gions.<\/p>\n<p data-start=\"439\" data-end=\"649\">\u00c0 travers cette exposition, les visiteurs auront l\u2019occasion de d\u00e9couvrir de pr\u00e8s la diversit\u00e9, l\u2019\u00e9l\u00e9gance et l\u2019identit\u00e9 culturelle albanaise, pr\u00e9serv\u00e9es au fil des si\u00e8cles \u00e0 travers les v\u00eatements traditionnels.<\/p>\n<p data-start=\"651\" data-end=\"855\">L\u2019\u00e9v\u00e9nement est organis\u00e9 autour de la collection de Flora Balaj, et le programme comprendra \u00e9galement un intermezzo de danses traditionnelles albanaises, apportant une atmosph\u00e8re authentique \u00e0 l\u2019activit\u00e9.<\/p>\n<p data-start=\"857\" data-end=\"1085\">Cet \u00e9v\u00e9nement devrait rassembler la communaut\u00e9 albanaise en Suisse, des \u00e9tudiants, des chercheurs et des amateurs de culture, en promouvant le patrimoine national albanais dans l\u2019une des universit\u00e9s les plus reconnues en Europe.<\/p>\n<p data-start=\"1087\" data-end=\"1135\">L\u2019entr\u00e9e \u00e0 l\u2019exposition est ouverte au public.\/Albinfo.ch<\/p>\n<p><img loading=\"lazy\" decoding=\"async\" class=\"alignnone wp-image-919365\" src=\"https:\/\/www.albinfo.ch\/wp-content\/uploads\/2026\/04\/5794d5da53b0f8281810d59eb86c804e-819x1024.jpeg\" alt=\"\" width=\"500\" height=\"625\" srcset=\"https:\/\/www.albinfo.ch\/wp-content\/uploads\/2026\/04\/5794d5da53b0f8281810d59eb86c804e-819x1024.jpeg 819w, https:\/\/www.albinfo.ch\/wp-content\/uploads\/2026\/04\/5794d5da53b0f8281810d59eb86c804e-240x300.jpeg 240w, https:\/\/www.albinfo.ch\/wp-content\/uploads\/2026\/04\/5794d5da53b0f8281810d59eb86c804e-768x960.jpeg 768w, https:\/\/www.albinfo.ch\/wp-content\/uploads\/2026\/04\/5794d5da53b0f8281810d59eb86c804e-317x396.jpeg 317w, https:\/\/www.albinfo.ch\/wp-content\/uploads\/2026\/04\/5794d5da53b0f8281810d59eb86c804e-80x100.jpeg 80w, https:\/\/www.albinfo.ch\/wp-content\/uploads\/2026\/04\/5794d5da53b0f8281810d59eb86c804e-140x175.jpeg 140w, https:\/\/www.albinfo.ch\/wp-content\/uploads\/2026\/04\/5794d5da53b0f8281810d59eb86c804e.jpeg 1080w\" sizes=\"auto, (max-width: 500px) 100vw, 500px\" \/><\/p>\n","protected":false},"excerpt":{"rendered":"<p>Le 2 mai 2026 \u00e0 l\u2019Universit\u00e9 de Lausanne sera pr\u00e9sent\u00e9 la collection de Flora Balaj avec des costumes traditionnels albanais, accompagn\u00e9e de danses folkloriques<\/p>\n","protected":false},"author":31,"featured_media":919369,"comment_status":"closed","ping_status":"closed","sticky":false,"template":"","format":"standard","meta":{"footnotes":""},"categories":[24637,3910,24668,24630,1163,1168,1182],"tags":[],"vendi":[31876],"content_country":[31835,31838,31840],"class_list":["post-919492","post","type-post","status-publish","format-standard","has-post-thumbnail","hentry","category-nouvelles-fr-4","category-opinion","category-exposition","category-nouvelles","category-fr-e-diaspora","category-culture","category-agenda","vendi-vaud-fr","content_country-austria-fr","content_country-germany-fr","content_country-zvicer-fr"],"acf":[],"_links":{"self":[{"href":"https:\/\/www.albinfo.ch\/fr\/wp-json\/wp\/v2\/posts\/919492","targetHints":{"allow":["GET"]}}],"collection":[{"href":"https:\/\/www.albinfo.ch\/fr\/wp-json\/wp\/v2\/posts"}],"about":[{"href":"https:\/\/www.albinfo.ch\/fr\/wp-json\/wp\/v2\/types\/post"}],"author":[{"embeddable":true,"href":"https:\/\/www.albinfo.ch\/fr\/wp-json\/wp\/v2\/users\/31"}],"replies":[{"embeddable":true,"href":"https:\/\/www.albinfo.ch\/fr\/wp-json\/wp\/v2\/comments?post=919492"}],"version-history":[{"count":2,"href":"https:\/\/www.albinfo.ch\/fr\/wp-json\/wp\/v2\/posts\/919492\/revisions"}],"predecessor-version":[{"id":919494,"href":"https:\/\/www.albinfo.ch\/fr\/wp-json\/wp\/v2\/posts\/919492\/revisions\/919494"}],"wp:featuredmedia":[{"embeddable":true,"href":"https:\/\/www.albinfo.ch\/fr\/wp-json\/wp\/v2\/media\/919369"}],"wp:attachment":[{"href":"https:\/\/www.albinfo.ch\/fr\/wp-json\/wp\/v2\/media?parent=919492"}],"wp:term":[{"taxonomy":"category","embeddable":true,"href":"https:\/\/www.albinfo.ch\/fr\/wp-json\/wp\/v2\/categories?post=919492"},{"taxonomy":"post_tag","embeddable":true,"href":"https:\/\/www.albinfo.ch\/fr\/wp-json\/wp\/v2\/tags?post=919492"},{"taxonomy":"vendi","embeddable":true,"href":"https:\/\/www.albinfo.ch\/fr\/wp-json\/wp\/v2\/vendi?post=919492"},{"taxonomy":"content_country","embeddable":true,"href":"https:\/\/www.albinfo.ch\/fr\/wp-json\/wp\/v2\/content_country?post=919492"}],"curies":[{"name":"wp","href":"https:\/\/api.w.org\/{rel}","templated":true}]}}