{"id":919700,"date":"2026-04-30T10:10:59","date_gmt":"2026-04-30T08:10:59","guid":{"rendered":"https:\/\/www.albinfo.ch\/profesori-shqiptar-fiton-bursen-prestigjioze-sher-fellowships-ne-austri\/"},"modified":"2026-04-30T22:44:07","modified_gmt":"2026-04-30T20:44:07","slug":"profesori-shqiptar-fiton-bursen-prestigjioze-sher-fellowships-ne-austri","status":"publish","type":"post","link":"https:\/\/www.albinfo.ch\/fr\/profesori-shqiptar-fiton-bursen-prestigjioze-sher-fellowships-ne-austri\/","title":{"rendered":"Un professeur albanais remporte la prestigieuse bourse SHER Fellowships en Autriche"},"content":{"rendered":"<p data-start=\"0\" data-end=\"287\">L\u2019Universit\u00e9 &#8220;Isa Boletini&#8221; de Mitrovica UMIB a annonc\u00e9 que le Prof Ass Dr Zahir \u00c7erkini est b\u00e9n\u00e9ficiaire de la prestigieuse bourse SHER Fellowships Post Doc Grant, attribu\u00e9e par l\u2019OeAD, l\u2019Agence autrichienne pour l\u2019\u00e9ducation et l\u2019internationalisation, rapporte albinfo.ch.<\/p>\n<p data-start=\"289\" data-end=\"394\">Il m\u00e8nera ses recherches scientifiques \u00e0 l\u2019Universit\u00e9 de Graz en Autriche, du 20 juin au 19 juillet 2026.<\/p>\n<p data-start=\"396\" data-end=\"670\">Selon le communiqu\u00e9, son projet porte le titre &#8220;The Constitutional Position of EU Law in Kosovo: A Multilevel Constitutionalism Analysis&#8221; et traite du processus d\u2019int\u00e9gration europ\u00e9enne ainsi que de la relation entre le droit de l\u2019UE et le syst\u00e8me constitutionnel du Kosovo.<\/p>\n<p data-start=\"672\" data-end=\"835\">Cet engagement est consid\u00e9r\u00e9 comme une r\u00e9alisation acad\u00e9mique et scientifique importante dans le domaine du droit constitutionnel et de l\u2019int\u00e9gration europ\u00e9enne.\/Albinfo.ch<\/p>\n<p>&nbsp;<\/p>\n<p><img loading=\"lazy\" decoding=\"async\" class=\"alignnone wp-image-919510\" src=\"https:\/\/www.albinfo.ch\/wp-content\/uploads\/2026\/04\/img_9155-768x1024.jpeg\" alt=\"\" width=\"500\" height=\"667\" srcset=\"https:\/\/www.albinfo.ch\/wp-content\/uploads\/2026\/04\/img_9155-768x1024.jpeg 768w, https:\/\/www.albinfo.ch\/wp-content\/uploads\/2026\/04\/img_9155-225x300.jpeg 225w, https:\/\/www.albinfo.ch\/wp-content\/uploads\/2026\/04\/img_9155-1152x1536.jpeg 1152w, https:\/\/www.albinfo.ch\/wp-content\/uploads\/2026\/04\/img_9155-297x396.jpeg 297w, https:\/\/www.albinfo.ch\/wp-content\/uploads\/2026\/04\/img_9155-75x100.jpeg 75w, https:\/\/www.albinfo.ch\/wp-content\/uploads\/2026\/04\/img_9155-131x175.jpeg 131w, https:\/\/www.albinfo.ch\/wp-content\/uploads\/2026\/04\/img_9155.jpeg 1200w\" sizes=\"auto, (max-width: 500px) 100vw, 500px\" \/><\/p>\n","protected":false},"excerpt":{"rendered":"<p>Zahir \u00c7erkini a \u00e9t\u00e9 s\u00e9lectionn\u00e9 pour la bourse internationale SHER Fellowships Post Doc Grant, attribu\u00e9e par l\u2019OeAD en Autriche<\/p>\n","protected":false},"author":31,"featured_media":919508,"comment_status":"closed","ping_status":"closed","sticky":false,"template":"","format":"standard","meta":{"footnotes":""},"categories":[34913,23271,24637,3949,23270,24630,24633,1159,1163],"tags":[],"vendi":[],"content_country":[31835,31838,31840],"class_list":["post-919700","post","type-post","status-publish","format-standard","has-post-thumbnail","hentry","category-la-vie-en-autriche","category-kosovo","category-nouvelles-fr-4","category-kosova-fr","category-at-balkani-fr","category-nouvelles","category-nouvelles-fr-2","category-ch-balkans","category-fr-e-diaspora","content_country-austria-fr","content_country-germany-fr","content_country-zvicer-fr"],"acf":[],"_links":{"self":[{"href":"https:\/\/www.albinfo.ch\/fr\/wp-json\/wp\/v2\/posts\/919700","targetHints":{"allow":["GET"]}}],"collection":[{"href":"https:\/\/www.albinfo.ch\/fr\/wp-json\/wp\/v2\/posts"}],"about":[{"href":"https:\/\/www.albinfo.ch\/fr\/wp-json\/wp\/v2\/types\/post"}],"author":[{"embeddable":true,"href":"https:\/\/www.albinfo.ch\/fr\/wp-json\/wp\/v2\/users\/31"}],"replies":[{"embeddable":true,"href":"https:\/\/www.albinfo.ch\/fr\/wp-json\/wp\/v2\/comments?post=919700"}],"version-history":[{"count":2,"href":"https:\/\/www.albinfo.ch\/fr\/wp-json\/wp\/v2\/posts\/919700\/revisions"}],"predecessor-version":[{"id":919703,"href":"https:\/\/www.albinfo.ch\/fr\/wp-json\/wp\/v2\/posts\/919700\/revisions\/919703"}],"wp:featuredmedia":[{"embeddable":true,"href":"https:\/\/www.albinfo.ch\/fr\/wp-json\/wp\/v2\/media\/919508"}],"wp:attachment":[{"href":"https:\/\/www.albinfo.ch\/fr\/wp-json\/wp\/v2\/media?parent=919700"}],"wp:term":[{"taxonomy":"category","embeddable":true,"href":"https:\/\/www.albinfo.ch\/fr\/wp-json\/wp\/v2\/categories?post=919700"},{"taxonomy":"post_tag","embeddable":true,"href":"https:\/\/www.albinfo.ch\/fr\/wp-json\/wp\/v2\/tags?post=919700"},{"taxonomy":"vendi","embeddable":true,"href":"https:\/\/www.albinfo.ch\/fr\/wp-json\/wp\/v2\/vendi?post=919700"},{"taxonomy":"content_country","embeddable":true,"href":"https:\/\/www.albinfo.ch\/fr\/wp-json\/wp\/v2\/content_country?post=919700"}],"curies":[{"name":"wp","href":"https:\/\/api.w.org\/{rel}","templated":true}]}}