{"id":919756,"date":"2026-04-30T16:10:35","date_gmt":"2026-04-30T14:10:35","guid":{"rendered":"https:\/\/www.albinfo.ch\/komandanti-i-kfor-it-qe-nga-tetori-i-kaluar-situata-ne-kosove-eshte-e-qete\/"},"modified":"2026-04-30T23:47:46","modified_gmt":"2026-04-30T21:47:46","slug":"komandanti-i-kfor-it-qe-nga-tetori-i-kaluar-situata-ne-kosove-eshte-e-qete","status":"publish","type":"post","link":"https:\/\/www.albinfo.ch\/fr\/komandanti-i-kfor-it-qe-nga-tetori-i-kaluar-situata-ne-kosove-eshte-e-qete\/","title":{"rendered":"Le commandant de la KFOR, depuis octobre dernier la situation au Kosovo est calme"},"content":{"rendered":"<p data-start=\"0\" data-end=\"292\">Dans une d\u00e9claration, le commandant de la KFOR, Ozkan Ulutash, a indiqu\u00e9 que la situation s\u00e9curitaire au Kosovo depuis octobre 2025 est globalement calme, bien qu\u2019elle reste fragile et avec un potentiel de nouvelles tensions, notamment dans le nord du pays, rapporte albinfo.ch.<\/p>\n<p data-start=\"294\" data-end=\"608\">Lors d\u2019un briefing des ambassadeurs des alli\u00e9s et partenaires de l\u2019OTAN \u00e0 Bruxelles mercredi, Ulutash a soulign\u00e9 que l\u2019OTAN continue de soutenir les efforts quotidiens de la KFOR pour maintenir un environnement s\u00fbr et stable pour toutes les communaut\u00e9s au Kosovo, ainsi que pour garantir la libert\u00e9 de circulation.<\/p>\n<p data-start=\"610\" data-end=\"728\">Ulutash a d\u00e9clar\u00e9 qu\u2019aucune reprise de la violence n\u2019a \u00e9t\u00e9 observ\u00e9e dans le nord, comme cela avait \u00e9t\u00e9 le cas en 2023.<\/p>\n<p data-start=\"730\" data-end=\"1032\">&#8220;Depuis octobre 2025, nous avons constat\u00e9 que la situation est globalement calme. Toutefois, elle reste fragile, avec un potentiel de nouvelles tensions, en particulier dans le nord&#8221;, a t il soulign\u00e9, en ajoutant que la priorit\u00e9 principale reste le maintien de la stabilit\u00e9 pour toutes les communaut\u00e9s.<\/p>\n<p data-start=\"1034\" data-end=\"1310\">Ulutash a \u00e9galement pr\u00e9cis\u00e9 que la KFOR maintient une pr\u00e9sence visible, r\u00e9active et flexible sur le terrain afin de r\u00e9pondre \u00e0 tout d\u00e9veloppement pouvant affecter la s\u00e9curit\u00e9 au Kosovo et la stabilit\u00e9 r\u00e9gionale, ainsi que pour r\u00e9duire les tensions en cas de signes d\u2019escalade.<\/p>\n<p data-start=\"1312\" data-end=\"1516\">Il a exprim\u00e9 sa reconnaissance envers les alli\u00e9s et partenaires de l\u2019OTAN pour leur soutien continu, en soulignant que la KFOR reste engag\u00e9e \u00e0 mettre en \u0153uvre son mandat de mani\u00e8re compl\u00e8te et impartiale.<\/p>\n<p data-start=\"1518\" data-end=\"1803\">Parall\u00e8lement, le commandant de la KFOR a indiqu\u00e9 que la mission continue d\u2019entretenir des contacts \u00e9troits avec tous les acteurs concern\u00e9s et soutient le dialogue facilit\u00e9 par l\u2019Union europ\u00e9enne pour la normalisation des relations entre Belgrade et Pristina comme seule voie possible.<\/p>\n","protected":false},"excerpt":{"rendered":"<p>Dans une d\u00e9claration, le commandant de la KFOR, Ozkan Ulutash, a indiqu\u00e9 que la situation s\u00e9curitaire au Kosovo depuis octobre 2025 est globalement calme, bien qu\u2019elle reste fragile et avec un potentiel de nouvelles tensions, notamment dans le nord du pays, rapporte albinfo.ch. Lors d\u2019un briefing des ambassadeurs des alli\u00e9s et partenaires de l\u2019OTAN \u00e0 [&hellip;]<\/p>\n","protected":false},"author":31,"featured_media":919548,"comment_status":"closed","ping_status":"closed","sticky":false,"template":"","format":"standard","meta":{"footnotes":""},"categories":[23271,3949,23270,24630,1159],"tags":[],"vendi":[],"content_country":[31835,31838,31840],"class_list":["post-919756","post","type-post","status-publish","format-standard","has-post-thumbnail","hentry","category-kosovo","category-kosova-fr","category-at-balkani-fr","category-nouvelles","category-ch-balkans","content_country-austria-fr","content_country-germany-fr","content_country-zvicer-fr"],"acf":[],"_links":{"self":[{"href":"https:\/\/www.albinfo.ch\/fr\/wp-json\/wp\/v2\/posts\/919756","targetHints":{"allow":["GET"]}}],"collection":[{"href":"https:\/\/www.albinfo.ch\/fr\/wp-json\/wp\/v2\/posts"}],"about":[{"href":"https:\/\/www.albinfo.ch\/fr\/wp-json\/wp\/v2\/types\/post"}],"author":[{"embeddable":true,"href":"https:\/\/www.albinfo.ch\/fr\/wp-json\/wp\/v2\/users\/31"}],"replies":[{"embeddable":true,"href":"https:\/\/www.albinfo.ch\/fr\/wp-json\/wp\/v2\/comments?post=919756"}],"version-history":[{"count":2,"href":"https:\/\/www.albinfo.ch\/fr\/wp-json\/wp\/v2\/posts\/919756\/revisions"}],"predecessor-version":[{"id":919758,"href":"https:\/\/www.albinfo.ch\/fr\/wp-json\/wp\/v2\/posts\/919756\/revisions\/919758"}],"wp:featuredmedia":[{"embeddable":true,"href":"https:\/\/www.albinfo.ch\/fr\/wp-json\/wp\/v2\/media\/919548"}],"wp:attachment":[{"href":"https:\/\/www.albinfo.ch\/fr\/wp-json\/wp\/v2\/media?parent=919756"}],"wp:term":[{"taxonomy":"category","embeddable":true,"href":"https:\/\/www.albinfo.ch\/fr\/wp-json\/wp\/v2\/categories?post=919756"},{"taxonomy":"post_tag","embeddable":true,"href":"https:\/\/www.albinfo.ch\/fr\/wp-json\/wp\/v2\/tags?post=919756"},{"taxonomy":"vendi","embeddable":true,"href":"https:\/\/www.albinfo.ch\/fr\/wp-json\/wp\/v2\/vendi?post=919756"},{"taxonomy":"content_country","embeddable":true,"href":"https:\/\/www.albinfo.ch\/fr\/wp-json\/wp\/v2\/content_country?post=919756"}],"curies":[{"name":"wp","href":"https:\/\/api.w.org\/{rel}","templated":true}]}}