{"id":919778,"date":"2026-04-30T18:20:51","date_gmt":"2026-04-30T16:20:51","guid":{"rendered":"https:\/\/www.albinfo.ch\/paris-kosova-prezantohet-ne-panairin-nderkombetar-foire-de-paris-2026\/"},"modified":"2026-05-01T00:05:21","modified_gmt":"2026-04-30T22:05:21","slug":"paris-kosova-prezantohet-ne-panairin-nderkombetar-foire-de-paris-2026","status":"publish","type":"post","link":"https:\/\/www.albinfo.ch\/fr\/paris-kosova-prezantohet-ne-panairin-nderkombetar-foire-de-paris-2026\/","title":{"rendered":"Paris, le Kosovo se pr\u00e9sente au salon international &#8220;Foire de Paris 2026&#8221;"},"content":{"rendered":"<div class=\"x14z9mp xat24cr x1lziwak x1vvkbs xtlvy1s x126k92a\">\n<div dir=\"auto\">\n<p data-start=\"0\" data-end=\"303\">Le minist\u00e8re de l\u2019Industrie, de l\u2019Entrepreneuriat, du Commerce et de l\u2019Innovation du Kosovo, \u00e0 travers l\u2019Agence pour les investissements et le soutien aux entreprises KIESA, a organis\u00e9 la participation du Kosovo au salon international &#8220;Foire de Paris 2026&#8221;, qui se tient \u00e0 Paris en France.<\/p>\n<p data-start=\"305\" data-end=\"703\">Lors de ce salon, qui se d\u00e9roule du 30 avril au 11 mai 2026, le Kosovo se pr\u00e9sente \u00e0 travers un espace d\u2019exposition d\u00e9di\u00e9, o\u00f9 il met en avant son potentiel dans diff\u00e9rents domaines, notamment le tourisme, la gastronomie, l\u2019industrie alimentaire et des boissons, les investissements, l\u2019exportation, l\u2019artisanat, l\u2019innovation ainsi que d\u2019autres secteurs \u00e9conomiques et culturels, rapporte albinfo.ch.<\/p>\n<p data-start=\"705\" data-end=\"943\">Selon le communiqu\u00e9, \u00e0 travers cette pr\u00e9sentation, le Kosovo vise \u00e0 se positionner comme une destination touristique attrayante, en mettant en valeur ses beaut\u00e9s naturelles, son patrimoine culturel et la richesse de son offre touristique.<\/p>\n<p data-start=\"945\" data-end=\"1877\">&#8220;Un accent particulier est \u00e9galement mis sur la promotion des produits et services locaux, pr\u00e9sent\u00e9s comme des produits de haute qualit\u00e9 avec un potentiel important pour l\u2019exportation vers les march\u00e9s internationaux. La participation \u00e0 la &#8220;Foire de Paris 2026&#8243; est \u00e9galement utilis\u00e9e pour cr\u00e9er et d\u00e9velopper des contacts avec des entreprises internationales, des investisseurs potentiels et de nouveaux partenaires commerciaux, dans le but d\u2019\u00e9largir la coop\u00e9ration \u00e9conomique, de promouvoir un climat favorable aux investissements et d\u2019augmenter les exportations du Kosovo. Ce salon international r\u00e9unit des milliers d\u2019exposants du monde entier et couvre un large \u00e9ventail de secteurs, notamment les produits pour la maison et le mode de vie, la gastronomie, l\u2019innovation, la culture et les industries cr\u00e9atives, offrant ainsi une plateforme importante pour la promotion des produits et services kosovars&#8221;, indique le communiqu\u00e9.<\/p>\n<\/div>\n<\/div>\n","protected":false},"excerpt":{"rendered":"<p>Le minist\u00e8re de l\u2019Industrie, de l\u2019Entrepreneuriat, du Commerce et de l\u2019Innovation du Kosovo, \u00e0 travers l\u2019Agence pour les investissements et le soutien aux entreprises KIESA, a organis\u00e9 la participation du Kosovo au salon international &#8220;Foire de Paris 2026&#8221;, qui se tient \u00e0 Paris en France. Lors de ce salon, qui se d\u00e9roule du 30 avril [&hellip;]<\/p>\n","protected":false},"author":45,"featured_media":919618,"comment_status":"closed","ping_status":"closed","sticky":false,"template":"","format":"standard","meta":{"footnotes":""},"categories":[24630],"tags":[],"vendi":[],"content_country":[31835,31838,31840],"class_list":["post-919778","post","type-post","status-publish","format-standard","has-post-thumbnail","hentry","category-nouvelles","content_country-austria-fr","content_country-germany-fr","content_country-zvicer-fr"],"acf":[],"_links":{"self":[{"href":"https:\/\/www.albinfo.ch\/fr\/wp-json\/wp\/v2\/posts\/919778","targetHints":{"allow":["GET"]}}],"collection":[{"href":"https:\/\/www.albinfo.ch\/fr\/wp-json\/wp\/v2\/posts"}],"about":[{"href":"https:\/\/www.albinfo.ch\/fr\/wp-json\/wp\/v2\/types\/post"}],"author":[{"embeddable":true,"href":"https:\/\/www.albinfo.ch\/fr\/wp-json\/wp\/v2\/users\/45"}],"replies":[{"embeddable":true,"href":"https:\/\/www.albinfo.ch\/fr\/wp-json\/wp\/v2\/comments?post=919778"}],"version-history":[{"count":2,"href":"https:\/\/www.albinfo.ch\/fr\/wp-json\/wp\/v2\/posts\/919778\/revisions"}],"predecessor-version":[{"id":919780,"href":"https:\/\/www.albinfo.ch\/fr\/wp-json\/wp\/v2\/posts\/919778\/revisions\/919780"}],"wp:featuredmedia":[{"embeddable":true,"href":"https:\/\/www.albinfo.ch\/fr\/wp-json\/wp\/v2\/media\/919618"}],"wp:attachment":[{"href":"https:\/\/www.albinfo.ch\/fr\/wp-json\/wp\/v2\/media?parent=919778"}],"wp:term":[{"taxonomy":"category","embeddable":true,"href":"https:\/\/www.albinfo.ch\/fr\/wp-json\/wp\/v2\/categories?post=919778"},{"taxonomy":"post_tag","embeddable":true,"href":"https:\/\/www.albinfo.ch\/fr\/wp-json\/wp\/v2\/tags?post=919778"},{"taxonomy":"vendi","embeddable":true,"href":"https:\/\/www.albinfo.ch\/fr\/wp-json\/wp\/v2\/vendi?post=919778"},{"taxonomy":"content_country","embeddable":true,"href":"https:\/\/www.albinfo.ch\/fr\/wp-json\/wp\/v2\/content_country?post=919778"}],"curies":[{"name":"wp","href":"https:\/\/api.w.org\/{rel}","templated":true}]}}