{"id":919786,"date":"2026-04-30T19:07:40","date_gmt":"2026-04-30T17:07:40","guid":{"rendered":"https:\/\/www.albinfo.ch\/qendra-e-botimeve-per-diasporen-baze-per-ngritjen-e-agjencise-kombetare-per-gjuhen-shqipe\/"},"modified":"2026-05-01T00:13:50","modified_gmt":"2026-04-30T22:13:50","slug":"qendra-e-botimeve-per-diasporen-baze-per-ngritjen-e-agjencise-kombetare-per-gjuhen-shqipe","status":"publish","type":"post","link":"https:\/\/www.albinfo.ch\/fr\/qendra-e-botimeve-per-diasporen-baze-per-ngritjen-e-agjencise-kombetare-per-gjuhen-shqipe\/","title":{"rendered":"L\u2019Albanie vers la standardisation de l\u2019enseignement de l\u2019albanais dans la diaspora"},"content":{"rendered":"<p data-start=\"0\" data-end=\"219\">L\u2019Albanie vise \u00e0 franchir une \u00e9tape importante vers la standardisation de l\u2019enseignement de la langue albanaise dans la diaspora. C\u2019est ce qui a \u00e9t\u00e9 annonc\u00e9 par le Centre des publications pour la diaspora.<\/p>\n<p data-start=\"221\" data-end=\"829\">&#8220;\u00c0 travers une rencontre organis\u00e9e \u00e0 la Facult\u00e9 d\u2019histoire et de philologie, sous l\u2019\u00e9gide du minist\u00e8re de l\u2019\u00c9ducation, l\u2019Albanie cherche \u00e0 marquer un pas important vers la standardisation de l\u2019enseignement de la langue albanaise dans la diaspora. Le Centre des publications pour la diaspora deviendra une institution de r\u00e9f\u00e9rence et servira de base \u00e0 la cr\u00e9ation de l\u2019Agence nationale pour la langue albanaise, une structure qui certifiera la connaissance de l\u2019albanais comme langue seconde et standardisera l\u2019enseignement dans les \u00e9coles albanaises \u00e0 l\u2019\u00e9tranger&#8221;, indique le communiqu\u00e9, rapporte albinfo.ch.<\/p>\n<p data-start=\"831\" data-end=\"1025\">Il est pr\u00e9cis\u00e9 que ce projet vise \u00e0 garantir une approche durable, int\u00e9gr\u00e9e et mesurable pour la pr\u00e9servation et le d\u00e9veloppement de la langue albanaise dans les communaut\u00e9s vivant hors du pays.<\/p>\n<p data-start=\"1027\" data-end=\"1271\">&#8220;La ministre de l\u2019\u00c9ducation, Mirela Kumbaro, a soulign\u00e9 que cette initiative refl\u00e8te la n\u00e9cessit\u00e9 de passer d\u2019une phase de distribution de mat\u00e9riel p\u00e9dagogique \u00e0 un processus certifi\u00e9 et reconnu au niveau international&#8221;, ajoute le communiqu\u00e9.<\/p>\n","protected":false},"excerpt":{"rendered":"<p>L\u2019Albanie vise \u00e0 franchir une \u00e9tape importante vers la standardisation de l\u2019enseignement de la langue albanaise dans la diaspora. C\u2019est ce qui a \u00e9t\u00e9 annonc\u00e9 par le Centre des publications pour la diaspora. &#8220;\u00c0 travers une rencontre organis\u00e9e \u00e0 la Facult\u00e9 d\u2019histoire et de philologie, sous l\u2019\u00e9gide du minist\u00e8re de l\u2019\u00c9ducation, l\u2019Albanie cherche \u00e0 marquer [&hellip;]<\/p>\n","protected":false},"author":45,"featured_media":919732,"comment_status":"closed","ping_status":"closed","sticky":false,"template":"","format":"standard","meta":{"footnotes":""},"categories":[24630,1163],"tags":[],"vendi":[],"content_country":[31835,31838,31840],"class_list":["post-919786","post","type-post","status-publish","format-standard","has-post-thumbnail","hentry","category-nouvelles","category-fr-e-diaspora","content_country-austria-fr","content_country-germany-fr","content_country-zvicer-fr"],"acf":[],"_links":{"self":[{"href":"https:\/\/www.albinfo.ch\/fr\/wp-json\/wp\/v2\/posts\/919786","targetHints":{"allow":["GET"]}}],"collection":[{"href":"https:\/\/www.albinfo.ch\/fr\/wp-json\/wp\/v2\/posts"}],"about":[{"href":"https:\/\/www.albinfo.ch\/fr\/wp-json\/wp\/v2\/types\/post"}],"author":[{"embeddable":true,"href":"https:\/\/www.albinfo.ch\/fr\/wp-json\/wp\/v2\/users\/45"}],"replies":[{"embeddable":true,"href":"https:\/\/www.albinfo.ch\/fr\/wp-json\/wp\/v2\/comments?post=919786"}],"version-history":[{"count":2,"href":"https:\/\/www.albinfo.ch\/fr\/wp-json\/wp\/v2\/posts\/919786\/revisions"}],"predecessor-version":[{"id":919788,"href":"https:\/\/www.albinfo.ch\/fr\/wp-json\/wp\/v2\/posts\/919786\/revisions\/919788"}],"wp:featuredmedia":[{"embeddable":true,"href":"https:\/\/www.albinfo.ch\/fr\/wp-json\/wp\/v2\/media\/919732"}],"wp:attachment":[{"href":"https:\/\/www.albinfo.ch\/fr\/wp-json\/wp\/v2\/media?parent=919786"}],"wp:term":[{"taxonomy":"category","embeddable":true,"href":"https:\/\/www.albinfo.ch\/fr\/wp-json\/wp\/v2\/categories?post=919786"},{"taxonomy":"post_tag","embeddable":true,"href":"https:\/\/www.albinfo.ch\/fr\/wp-json\/wp\/v2\/tags?post=919786"},{"taxonomy":"vendi","embeddable":true,"href":"https:\/\/www.albinfo.ch\/fr\/wp-json\/wp\/v2\/vendi?post=919786"},{"taxonomy":"content_country","embeddable":true,"href":"https:\/\/www.albinfo.ch\/fr\/wp-json\/wp\/v2\/content_country?post=919786"}],"curies":[{"name":"wp","href":"https:\/\/api.w.org\/{rel}","templated":true}]}}