{"id":919801,"date":"2026-04-30T22:55:22","date_gmt":"2026-04-30T20:55:22","guid":{"rendered":"https:\/\/www.albinfo.ch\/boom-teknologjik-ne-kosove-si-po-e-mban-it-ja-rinine-ne-vend-dhe-po-ndryshon-ekonomine\/"},"modified":"2026-05-01T00:30:42","modified_gmt":"2026-04-30T22:30:42","slug":"boom-teknologjik-ne-kosove-si-po-e-mban-it-ja-rinine-ne-vend-dhe-po-ndryshon-ekonomine","status":"publish","type":"post","link":"https:\/\/www.albinfo.ch\/fr\/boom-teknologjik-ne-kosove-si-po-e-mban-it-ja-rinine-ne-vend-dhe-po-ndryshon-ekonomine\/","title":{"rendered":"Boom technologique au Kosovo, comment le secteur IT retient les jeunes dans le pays et transforme l\u2019\u00e9conomie"},"content":{"rendered":"<p data-start=\"0\" data-end=\"215\">Bloomberg a consacr\u00e9 un article au d\u00e9veloppement du secteur technologique au Kosovo, soulignant que ce secteur influence fortement la r\u00e9duction du ch\u00f4mage chez les jeunes et freine leur d\u00e9part du pays.<\/p>\n<p data-start=\"217\" data-end=\"523\">\u00c0 Pristina, depuis le Centre d\u2019innovation du Kosovo, des repr\u00e9sentants de l\u2019industrie IT expliquent que la ville a profond\u00e9ment chang\u00e9 ces derni\u00e8res ann\u00e9es, avec des b\u00e2timents modernes o\u00f9 se d\u00e9veloppent de nombreuses entreprises technologiques, y compris des startups tourn\u00e9es vers le march\u00e9 international.<\/p>\n<p data-start=\"525\" data-end=\"859\">Selon eux, le d\u00e9veloppement de la technologie n\u2019a pas seulement entra\u00een\u00e9 une transformation urbaine, mais aussi un impact direct sur l\u2019\u00e9conomie, en r\u00e9duisant nettement le ch\u00f4mage des jeunes, l\u2019un des principaux probl\u00e8mes apr\u00e8s la guerre. Le taux de ch\u00f4mage de cette tranche d\u2019\u00e2ge est pass\u00e9 d\u2019environ 61% en 2014 \u00e0 pr\u00e8s de 10% en 2025.<\/p>\n<p data-start=\"861\" data-end=\"1173\">La croissance du travail en ligne pendant la pand\u00e9mie a encore acc\u00e9l\u00e9r\u00e9 cette tendance, cr\u00e9ant davantage d\u2019opportunit\u00e9s d\u2019emploi dans le secteur IT. Aujourd\u2019hui, des milliers de personnes travaillent dans des entreprises technologiques au Kosovo, o\u00f9 les salaires sont nettement sup\u00e9rieurs \u00e0 la moyenne nationale.<\/p>\n<p data-start=\"1175\" data-end=\"1363\">Cependant, le pays n\u2019a pas encore r\u00e9ussi \u00e0 attirer de grands g\u00e9ants mondiaux de la technologie, et le d\u00e9veloppement reste principalement soutenu par des entreprises locales et la diaspora.<\/p>\n<p data-start=\"1365\" data-end=\"1594\">Les investissements internationaux ainsi que les centres d\u2019innovation ont \u00e9galement jou\u00e9 un r\u00f4le important dans la croissance du secteur, en formant des milliers de jeunes et en contribuant \u00e0 la cr\u00e9ation de centaines de startups.<\/p>\n<p data-start=\"1596\" data-end=\"1890\">Malgr\u00e9 les progr\u00e8s, des d\u00e9fis subsistent dans les domaines de l\u2019\u00e9ducation, de la formation professionnelle et des infrastructures. Les experts soulignent que les entreprises sont souvent contraintes de former elles m\u00eames leurs employ\u00e9s en raison du manque de comp\u00e9tences adapt\u00e9es sur le march\u00e9.<\/p>\n<p data-start=\"1892\" data-end=\"2097\">Les autorit\u00e9s et les repr\u00e9sentants du secteur estiment qu\u2019avec davantage d\u2019investissements et de r\u00e9formes, le Kosovo peut renforcer sa position comme centre r\u00e9gional de la technologie et de l\u2019innovation.<\/p>\n","protected":false},"excerpt":{"rendered":"<p>Bloomberg a consacr\u00e9 un article au d\u00e9veloppement du secteur technologique au Kosovo, soulignant que ce secteur influence fortement la r\u00e9duction du ch\u00f4mage chez les jeunes et freine leur d\u00e9part du pays. \u00c0 Pristina, depuis le Centre d\u2019innovation du Kosovo, des repr\u00e9sentants de l\u2019industrie IT expliquent que la ville a profond\u00e9ment chang\u00e9 ces derni\u00e8res ann\u00e9es, avec [&hellip;]<\/p>\n","protected":false},"author":40,"featured_media":504342,"comment_status":"closed","ping_status":"closed","sticky":false,"template":"","format":"standard","meta":{"footnotes":""},"categories":[33083,23271,1160,3949,23277,23270,24620,24630,24634,1159],"tags":[],"vendi":[],"content_country":[31835,31838,31840],"class_list":["post-919801","post","type-post","status-publish","format-standard","has-post-thumbnail","hentry","category-de-balkani-fr","category-kosovo","category-actuel","category-kosova-fr","category-news-fr","category-at-balkani-fr","category-kosova-fr-2","category-nouvelles","category-nouvelles-fr-3","category-ch-balkans","content_country-austria-fr","content_country-germany-fr","content_country-zvicer-fr"],"acf":[],"_links":{"self":[{"href":"https:\/\/www.albinfo.ch\/fr\/wp-json\/wp\/v2\/posts\/919801","targetHints":{"allow":["GET"]}}],"collection":[{"href":"https:\/\/www.albinfo.ch\/fr\/wp-json\/wp\/v2\/posts"}],"about":[{"href":"https:\/\/www.albinfo.ch\/fr\/wp-json\/wp\/v2\/types\/post"}],"author":[{"embeddable":true,"href":"https:\/\/www.albinfo.ch\/fr\/wp-json\/wp\/v2\/users\/40"}],"replies":[{"embeddable":true,"href":"https:\/\/www.albinfo.ch\/fr\/wp-json\/wp\/v2\/comments?post=919801"}],"version-history":[{"count":2,"href":"https:\/\/www.albinfo.ch\/fr\/wp-json\/wp\/v2\/posts\/919801\/revisions"}],"predecessor-version":[{"id":919803,"href":"https:\/\/www.albinfo.ch\/fr\/wp-json\/wp\/v2\/posts\/919801\/revisions\/919803"}],"wp:featuredmedia":[{"embeddable":true,"href":"https:\/\/www.albinfo.ch\/fr\/wp-json\/wp\/v2\/media\/504342"}],"wp:attachment":[{"href":"https:\/\/www.albinfo.ch\/fr\/wp-json\/wp\/v2\/media?parent=919801"}],"wp:term":[{"taxonomy":"category","embeddable":true,"href":"https:\/\/www.albinfo.ch\/fr\/wp-json\/wp\/v2\/categories?post=919801"},{"taxonomy":"post_tag","embeddable":true,"href":"https:\/\/www.albinfo.ch\/fr\/wp-json\/wp\/v2\/tags?post=919801"},{"taxonomy":"vendi","embeddable":true,"href":"https:\/\/www.albinfo.ch\/fr\/wp-json\/wp\/v2\/vendi?post=919801"},{"taxonomy":"content_country","embeddable":true,"href":"https:\/\/www.albinfo.ch\/fr\/wp-json\/wp\/v2\/content_country?post=919801"}],"curies":[{"name":"wp","href":"https:\/\/api.w.org\/{rel}","templated":true}]}}