{"id":919922,"date":"2026-05-01T13:10:38","date_gmt":"2026-05-01T11:10:38","guid":{"rendered":"https:\/\/www.albinfo.ch\/milani-ia-beson-ardon-jasharit-mesfushen-pas-lendimit-te-modriqit\/"},"modified":"2026-05-01T14:49:53","modified_gmt":"2026-05-01T12:49:53","slug":"milani-ia-beson-ardon-jasharit-mesfushen-pas-lendimit-te-modriqit","status":"publish","type":"post","link":"https:\/\/www.albinfo.ch\/fr\/milani-ia-beson-ardon-jasharit-mesfushen-pas-lendimit-te-modriqit\/","title":{"rendered":"Milan confie le milieu de terrain \u00e0 Ardon Jashari apr\u00e8s la blessure de Modriq"},"content":{"rendered":"<p data-start=\"0\" data-end=\"179\">Le milieu de terrain albanais Ardon Jashari devrait jouer un r\u00f4le cl\u00e9 au Milan \u00e0 la fin de cette saison, apr\u00e8s la grave blessure de Luka Modriq, rapporte albinfo.ch.<\/p>\n<p data-start=\"181\" data-end=\"390\">Le milieu de terrain de 40 ans a subi une double fracture de la pommette lors du match nul sans but contre la Juventus dimanche soir, laissant Milan sans l\u2019une des figures principales de son milieu de terrain.<\/p>\n<p data-start=\"392\" data-end=\"581\">Selon &#8220;milanpress.it&#8221;, Jashari devrait assumer de grandes responsabilit\u00e9s lors des quatre derniers matchs, o\u00f9 il aura l\u2019occasion de gagner la confiance de l\u2019entra\u00eeneur Massimiliano Allegri.<\/p>\n<p data-start=\"583\" data-end=\"720\">&#8220;Apr\u00e8s la blessure de Modriq, Jashari a quatre matchs restants pour gagner la confiance de l\u2019entra\u00eeneur Allegri&#8221;, \u00e9crit le m\u00e9dia italien.<\/p>\n<p data-start=\"722\" data-end=\"981\">D\u2019autres m\u00e9dias en Italie ont \u00e9galement rapport\u00e9 que le joueur de 23 ans est favori pour d\u00e9buter comme titulaire lors des derniers matchs de la saison, \u00e0 un moment o\u00f9 le club lutte pour assurer sa qualification en Ligue des champions pour la saison prochaine.<\/p>\n<p data-start=\"983\" data-end=\"1238\">Jashari a rejoint Milan l\u2019\u00e9t\u00e9 dernier en provenance du Club Brugge pour un montant de 35 millions d\u2019euros, mais lors de sa premi\u00e8re saison il a eu un temps de jeu limit\u00e9, notamment en raison d\u2019une blessure qui l\u2019a \u00e9loign\u00e9 des terrains pendant une p\u00e9riode.<\/p>\n<p data-start=\"1240\" data-end=\"1326\">Jusqu\u2019\u00e0 pr\u00e9sent, il a disput\u00e9 14 matchs toutes comp\u00e9titions confondues cette saison.\/Albinfo.ch<\/p>\n","protected":false},"excerpt":{"rendered":"<p>Jashari devrait obtenir plus de temps de jeu lors des quatre derniers matchs de la saison<\/p>\n","protected":false},"author":31,"featured_media":853347,"comment_status":"closed","ping_status":"closed","sticky":false,"template":"","format":"standard","meta":{"footnotes":""},"categories":[24630,24671,1169],"tags":[],"vendi":[],"content_country":[31835,31838,31840],"class_list":["post-919922","post","type-post","status-publish","format-standard","has-post-thumbnail","hentry","category-nouvelles","category-football","category-sport-fr","content_country-austria-fr","content_country-germany-fr","content_country-zvicer-fr"],"acf":[],"_links":{"self":[{"href":"https:\/\/www.albinfo.ch\/fr\/wp-json\/wp\/v2\/posts\/919922","targetHints":{"allow":["GET"]}}],"collection":[{"href":"https:\/\/www.albinfo.ch\/fr\/wp-json\/wp\/v2\/posts"}],"about":[{"href":"https:\/\/www.albinfo.ch\/fr\/wp-json\/wp\/v2\/types\/post"}],"author":[{"embeddable":true,"href":"https:\/\/www.albinfo.ch\/fr\/wp-json\/wp\/v2\/users\/31"}],"replies":[{"embeddable":true,"href":"https:\/\/www.albinfo.ch\/fr\/wp-json\/wp\/v2\/comments?post=919922"}],"version-history":[{"count":2,"href":"https:\/\/www.albinfo.ch\/fr\/wp-json\/wp\/v2\/posts\/919922\/revisions"}],"predecessor-version":[{"id":919924,"href":"https:\/\/www.albinfo.ch\/fr\/wp-json\/wp\/v2\/posts\/919922\/revisions\/919924"}],"wp:featuredmedia":[{"embeddable":true,"href":"https:\/\/www.albinfo.ch\/fr\/wp-json\/wp\/v2\/media\/853347"}],"wp:attachment":[{"href":"https:\/\/www.albinfo.ch\/fr\/wp-json\/wp\/v2\/media?parent=919922"}],"wp:term":[{"taxonomy":"category","embeddable":true,"href":"https:\/\/www.albinfo.ch\/fr\/wp-json\/wp\/v2\/categories?post=919922"},{"taxonomy":"post_tag","embeddable":true,"href":"https:\/\/www.albinfo.ch\/fr\/wp-json\/wp\/v2\/tags?post=919922"},{"taxonomy":"vendi","embeddable":true,"href":"https:\/\/www.albinfo.ch\/fr\/wp-json\/wp\/v2\/vendi?post=919922"},{"taxonomy":"content_country","embeddable":true,"href":"https:\/\/www.albinfo.ch\/fr\/wp-json\/wp\/v2\/content_country?post=919922"}],"curies":[{"name":"wp","href":"https:\/\/api.w.org\/{rel}","templated":true}]}}