{"id":919931,"date":"2026-05-01T12:10:34","date_gmt":"2026-05-01T10:10:34","guid":{"rendered":"https:\/\/www.albinfo.ch\/rihapet-levizja-e-lire-kufitare-mes-kosoves-dhe-shqiperise\/"},"modified":"2026-05-01T14:40:26","modified_gmt":"2026-05-01T12:40:26","slug":"rihapet-levizja-e-lire-kufitare-mes-kosoves-dhe-shqiperise","status":"publish","type":"post","link":"https:\/\/www.albinfo.ch\/fr\/rihapet-levizja-e-lire-kufitare-mes-kosoves-dhe-shqiperise\/","title":{"rendered":"La libre circulation \u00e0 la fronti\u00e8re entre le Kosovo et l\u2019Albanie rouvre"},"content":{"rendered":"<p data-start=\"0\" data-end=\"220\">L\u2019accord sur la libre circulation \u00e0 la fronti\u00e8re entre le Kosovo et l\u2019Albanie est entr\u00e9 de nouveau en vigueur ce vendredi, permettant un passage plus rapide et plus fluide des citoyens, rapporte albinfo.ch.<\/p>\n<p data-start=\"222\" data-end=\"404\">L\u2019accord restera actif jusqu\u2019au mois d\u2019octobre et devrait \u00eatre renouvel\u00e9 \u00e9galement durant les mois de d\u00e9cembre et janvier ainsi que les week ends, en fonction du flux de circulation.<\/p>\n<p data-start=\"406\" data-end=\"655\">Il vise \u00e0 \u00e9viter les longues files d\u2019attente \u00e0 la fronti\u00e8re et \u00e0 faciliter les proc\u00e9dures de passage, en permettant un franchissement sans contr\u00f4les d\u00e9taill\u00e9s des documents d\u2019identit\u00e9, sauf en cas de soup\u00e7ons particuliers des autorit\u00e9s frontali\u00e8res.<\/p>\n<p data-start=\"657\" data-end=\"799\">Selon les donn\u00e9es officielles, environ 15 mille personnes sont entr\u00e9es en Albanie rien que ce matin, la majorit\u00e9 \u00e9tant des citoyens du Kosovo.<\/p>\n<p data-start=\"801\" data-end=\"943\">Pour faire face au flux, 11 guichets ont \u00e9t\u00e9 mis en service au poste fronti\u00e8re de Morin\u00eb, permettant l\u2019application de l\u2019accord sans obstacles.<\/p>\n<p data-start=\"945\" data-end=\"1197\">Des sources de ce poste frontalier indiquent qu\u2019au cours des derni\u00e8res 24 heures, environ 37 mille personnes ont travers\u00e9 la fronti\u00e8re, dont 25 mille sont entr\u00e9es en Albanie, ce qui refl\u00e8te une nette augmentation des d\u00e9placements entre les deux pays.\/Albinfo.ch<\/p>\n","protected":false},"excerpt":{"rendered":"<p>L\u2019accord entre \u00e0 nouveau en vigueur, la circulation \u00e0 la fronti\u00e8re est facilit\u00e9e et les longues attentes \u00e0 Morin\u00eb sont \u00e9vit\u00e9es<\/p>\n","protected":false},"author":31,"featured_media":919892,"comment_status":"closed","ping_status":"closed","sticky":false,"template":"","format":"standard","meta":{"footnotes":""},"categories":[23271,23272,3943,3949,23270,24630,1159],"tags":[],"vendi":[],"content_country":[31835,31838,31840],"class_list":["post-919931","post","type-post","status-publish","format-standard","has-post-thumbnail","hentry","category-kosovo","category-albanie","category-shqiperia-fr","category-kosova-fr","category-at-balkani-fr","category-nouvelles","category-ch-balkans","content_country-austria-fr","content_country-germany-fr","content_country-zvicer-fr"],"acf":[],"_links":{"self":[{"href":"https:\/\/www.albinfo.ch\/fr\/wp-json\/wp\/v2\/posts\/919931","targetHints":{"allow":["GET"]}}],"collection":[{"href":"https:\/\/www.albinfo.ch\/fr\/wp-json\/wp\/v2\/posts"}],"about":[{"href":"https:\/\/www.albinfo.ch\/fr\/wp-json\/wp\/v2\/types\/post"}],"author":[{"embeddable":true,"href":"https:\/\/www.albinfo.ch\/fr\/wp-json\/wp\/v2\/users\/31"}],"replies":[{"embeddable":true,"href":"https:\/\/www.albinfo.ch\/fr\/wp-json\/wp\/v2\/comments?post=919931"}],"version-history":[{"count":2,"href":"https:\/\/www.albinfo.ch\/fr\/wp-json\/wp\/v2\/posts\/919931\/revisions"}],"predecessor-version":[{"id":919936,"href":"https:\/\/www.albinfo.ch\/fr\/wp-json\/wp\/v2\/posts\/919931\/revisions\/919936"}],"wp:featuredmedia":[{"embeddable":true,"href":"https:\/\/www.albinfo.ch\/fr\/wp-json\/wp\/v2\/media\/919892"}],"wp:attachment":[{"href":"https:\/\/www.albinfo.ch\/fr\/wp-json\/wp\/v2\/media?parent=919931"}],"wp:term":[{"taxonomy":"category","embeddable":true,"href":"https:\/\/www.albinfo.ch\/fr\/wp-json\/wp\/v2\/categories?post=919931"},{"taxonomy":"post_tag","embeddable":true,"href":"https:\/\/www.albinfo.ch\/fr\/wp-json\/wp\/v2\/tags?post=919931"},{"taxonomy":"vendi","embeddable":true,"href":"https:\/\/www.albinfo.ch\/fr\/wp-json\/wp\/v2\/vendi?post=919931"},{"taxonomy":"content_country","embeddable":true,"href":"https:\/\/www.albinfo.ch\/fr\/wp-json\/wp\/v2\/content_country?post=919931"}],"curies":[{"name":"wp","href":"https:\/\/api.w.org\/{rel}","templated":true}]}}