{"id":920111,"date":"2026-05-01T19:04:37","date_gmt":"2026-05-01T17:04:37","guid":{"rendered":"https:\/\/www.albinfo.ch\/konjufca-kosova-e-gatshme-te-kontribuoje-ne-sigurine-e-rajonit\/"},"modified":"2026-05-02T01:19:03","modified_gmt":"2026-05-01T23:19:03","slug":"konjufca-kosova-e-gatshme-te-kontribuoje-ne-sigurine-e-rajonit","status":"publish","type":"post","link":"https:\/\/www.albinfo.ch\/fr\/konjufca-kosova-e-gatshme-te-kontribuoje-ne-sigurine-e-rajonit\/","title":{"rendered":"Konjufca, le Kosovo est pr\u00eat \u00e0 contribuer \u00e0 la s\u00e9curit\u00e9 de la r\u00e9gion"},"content":{"rendered":"<p data-start=\"0\" data-end=\"293\">Le ministre par int\u00e9rim des Affaires \u00e9trang\u00e8res du Kosovo, Glauk Konjufca, a salu\u00e9 l\u2019initiative de trois membres du Congr\u00e8s am\u00e9ricain visant \u00e0 pr\u00e9senter une r\u00e9solution \u00e0 la Chambre des repr\u00e9sentants des \u00c9tats Unis, qui soutient l\u2019adh\u00e9sion du Kosovo \u00e0 l\u2019OTAN, rapporte albinfo.ch.<\/p>\n<p data-start=\"295\" data-end=\"602\">La r\u00e9action de Konjufca intervient apr\u00e8s que les congressistes Keith Self, Ritchie Torres et Mike Lawler ont pr\u00e9sent\u00e9 une r\u00e9solution bipartisane visant \u00e0 soutenir l\u2019int\u00e9gration euro atlantique du Kosovo, la consid\u00e9rant comme une \u00e9tape importante pour la s\u00e9curit\u00e9 r\u00e9gionale et la coop\u00e9ration transatlantique.<\/p>\n<p data-start=\"604\" data-end=\"769\">Dans une publication sur la plateforme X, Konjufca a soulign\u00e9 que le Kosovo est pr\u00eat \u00e0 jouer un r\u00f4le actif dans la garantie de la s\u00e9curit\u00e9 dans la r\u00e9gion et au del\u00e0.<\/p>\n<p data-start=\"771\" data-end=\"1204\">&#8220;Je salue la pr\u00e9sentation de la r\u00e9solution bipartisane \u00e0 la Chambre des repr\u00e9sentants des \u00c9tats Unis en soutien \u00e0 l\u2019adh\u00e9sion du Kosovo \u00e0 l\u2019OTAN et je remercie les congressistes Keith Self, Ritchie Torres et Mike Lawler pour leur soutien et leur engagement continu en faveur de la s\u00e9curit\u00e9 dans les Balkans occidentaux. Le Kosovo est pr\u00eat \u00e0 contribuer \u00e0 la s\u00e9curit\u00e9 de la r\u00e9gion et de la communaut\u00e9 transatlantique&#8221;, a \u00e9crit Konjufca.<\/p>\n<p data-start=\"1206\" data-end=\"1513\">La r\u00e9solution propos\u00e9e met en avant l\u2019importance strat\u00e9gique de l\u2019int\u00e9gration du Kosovo dans l\u2019OTAN, le consid\u00e9rant comme un facteur de stabilit\u00e9 dans les Balkans occidentaux et au del\u00e0, tout en soulignant le renforcement du soutien dans la politique am\u00e9ricaine pour l\u2019int\u00e9gration euro atlantique du Kosovo.<\/p>\n<p data-start=\"1515\" data-end=\"1904\">Le document indique que quatre \u00c9tats membres de l\u2019OTAN, la Gr\u00e8ce, la Roumanie, la Slovaquie et l\u2019Espagne, n\u2019ont pas encore reconnu le Kosovo comme \u00c9tat. La r\u00e9solution appelle ces pays \u00e0 reconsid\u00e9rer leurs positions, en soulignant qu\u2019une reconnaissance plus large est essentielle pour d\u00e9bloquer la voie du Kosovo vers l\u2019adh\u00e9sion \u00e0 l\u2019OTAN et combler un vide strat\u00e9gique en Europe du Sud Est.<\/p>\n<p data-start=\"1906\" data-end=\"2200\">&#8220;Le Kosovo a d\u00e9montr\u00e9 un engagement clair envers la stabilit\u00e9 r\u00e9gionale et l\u2019alignement strat\u00e9gique avec les pays de l\u2019OTAN, mais ses progr\u00e8s vers l\u2019adh\u00e9sion \u00e0 l\u2019alliance sont entrav\u00e9s par le manque de reconnaissance de la part d\u2019un petit nombre d\u2019alli\u00e9s&#8221;, a d\u00e9clar\u00e9 le congressiste Keith Self.<\/p>\n<p data-start=\"2202\" data-end=\"2418\">Il a soulign\u00e9 que l\u2019int\u00e9gration du Kosovo dans l\u2019OTAN est essentielle pour contrer les influences adverses en Europe et a appel\u00e9 les \u00c9tats Unis \u00e0 encourager les quatre pays non reconnaissants \u00e0 changer de position.<\/p>\n","protected":false},"excerpt":{"rendered":"<p>Konjufca salue la r\u00e9solution au Congr\u00e8s am\u00e9ricain sur l\u2019adh\u00e9sion du Kosovo \u00e0 l\u2019OTAN<\/p>\n","protected":false},"author":31,"featured_media":919950,"comment_status":"closed","ping_status":"closed","sticky":false,"template":"","format":"standard","meta":{"footnotes":""},"categories":[23271,3949,23270,24630,1159],"tags":[],"vendi":[],"content_country":[31835,31838,31840],"class_list":["post-920111","post","type-post","status-publish","format-standard","has-post-thumbnail","hentry","category-kosovo","category-kosova-fr","category-at-balkani-fr","category-nouvelles","category-ch-balkans","content_country-austria-fr","content_country-germany-fr","content_country-zvicer-fr"],"acf":[],"_links":{"self":[{"href":"https:\/\/www.albinfo.ch\/fr\/wp-json\/wp\/v2\/posts\/920111","targetHints":{"allow":["GET"]}}],"collection":[{"href":"https:\/\/www.albinfo.ch\/fr\/wp-json\/wp\/v2\/posts"}],"about":[{"href":"https:\/\/www.albinfo.ch\/fr\/wp-json\/wp\/v2\/types\/post"}],"author":[{"embeddable":true,"href":"https:\/\/www.albinfo.ch\/fr\/wp-json\/wp\/v2\/users\/31"}],"replies":[{"embeddable":true,"href":"https:\/\/www.albinfo.ch\/fr\/wp-json\/wp\/v2\/comments?post=920111"}],"version-history":[{"count":2,"href":"https:\/\/www.albinfo.ch\/fr\/wp-json\/wp\/v2\/posts\/920111\/revisions"}],"predecessor-version":[{"id":920113,"href":"https:\/\/www.albinfo.ch\/fr\/wp-json\/wp\/v2\/posts\/920111\/revisions\/920113"}],"wp:featuredmedia":[{"embeddable":true,"href":"https:\/\/www.albinfo.ch\/fr\/wp-json\/wp\/v2\/media\/919950"}],"wp:attachment":[{"href":"https:\/\/www.albinfo.ch\/fr\/wp-json\/wp\/v2\/media?parent=920111"}],"wp:term":[{"taxonomy":"category","embeddable":true,"href":"https:\/\/www.albinfo.ch\/fr\/wp-json\/wp\/v2\/categories?post=920111"},{"taxonomy":"post_tag","embeddable":true,"href":"https:\/\/www.albinfo.ch\/fr\/wp-json\/wp\/v2\/tags?post=920111"},{"taxonomy":"vendi","embeddable":true,"href":"https:\/\/www.albinfo.ch\/fr\/wp-json\/wp\/v2\/vendi?post=920111"},{"taxonomy":"content_country","embeddable":true,"href":"https:\/\/www.albinfo.ch\/fr\/wp-json\/wp\/v2\/content_country?post=920111"}],"curies":[{"name":"wp","href":"https:\/\/api.w.org\/{rel}","templated":true}]}}